{"id":388224,"date":"2023-05-24T13:10:56","date_gmt":"2023-05-24T17:10:56","guid":{"rendered":"https:\/\/primermomento.com\/?p=388224"},"modified":"2023-05-24T13:11:45","modified_gmt":"2023-05-24T17:11:45","slug":"banl-presupuesto-participativo-inicia-reparacion-de-viviendas-en-sector-mani-abajo","status":"publish","type":"post","link":"https:\/\/primermomento.com\/?p=388224","title":{"rendered":"BAN\u013a | Presupuesto Participativo inicia reparaci\u00f3n de viviendas en sector Man\u00ed Abajo"},"content":{"rendered":"\n<p class=\"wp-block-paragraph\">BAN\u013a, Rep\u00fablica Dominicana.- El Presupuesto Participativo del Ayuntamiento de Ban\u00ed dej\u00f3 aperturados los trabajos de reparaci\u00f3n de viviendas en el sector Man\u00ed Abajo, en lo que destinar\u00e1 un monto de 200,000 pesos, donde adem\u00e1s se invertir\u00e1n 100,000 pesos en mobiliarios.<\/p>\n\n\n\n<p class=\"wp-block-paragraph\">La vicealcaldesa Adriana Soto, ponder\u00f3 que se han preocupado por el bienestar de las personas menos pudientes, arregl\u00e1ndoles sus viviendas para evitar que se mojen sus ajuares cuando llueve.<\/p>\n\n\n<div class=\"wp-block-image\">\n<figure class=\"aligncenter size-full\"><img loading=\"lazy\" decoding=\"async\" width=\"845\" height=\"562\" src=\"https:\/\/primermomento.com\/wp-content\/uploads\/2023\/05\/Mani-abajo-reparacion-de-viviendas-2-1.jpg\" alt=\"\" class=\"wp-image-388228\" srcset=\"https:\/\/primermomento.com\/wp-content\/uploads\/2023\/05\/Mani-abajo-reparacion-de-viviendas-2-1.jpg 845w, https:\/\/primermomento.com\/wp-content\/uploads\/2023\/05\/Mani-abajo-reparacion-de-viviendas-2-1-300x200.jpg 300w, https:\/\/primermomento.com\/wp-content\/uploads\/2023\/05\/Mani-abajo-reparacion-de-viviendas-2-1-768x511.jpg 768w, https:\/\/primermomento.com\/wp-content\/uploads\/2023\/05\/Mani-abajo-reparacion-de-viviendas-2-1-696x463.jpg 696w\" sizes=\"auto, (max-width: 845px) 100vw, 845px\" \/><\/figure>\n<\/div>\n\n\n<p class=\"wp-block-paragraph\">En tanto, el regidor Le\u00f3nidas D\u00edaz, quien estuvo en representaci\u00f3n del alcalde Santo Ram\u00edrez, se\u00f1al\u00f3 que la zona norte, siempre ha estado presente en la gesti\u00f3n del ejecutivo municipal.<\/p>\n\n\n\n<p class=\"wp-block-paragraph\">\u201cLo hemos demostrado con hechos; este lugar est\u00e1 en el coraz\u00f3n del alcalde, ah\u00ed est\u00e1n las grandes obras con las que se ha beneficiado Man\u00ed Abajo\u201d, indic\u00f3 el edil.<\/p>\n\n\n\n<p class=\"wp-block-paragraph\">El acto fue muy concurrido y cont\u00f3 con la invocaci\u00f3n a Dios por parte de la comunitaria Maira Polanco. La bienvenida fue ofrecida por Santa Cordero, presidente de la Junta de Vecinos Nuevo Renacer.<\/p>\n\n\n\n<p class=\"wp-block-paragraph\">Algunos de los beneficiados con estas reparaciones manifestaron su satisfacci\u00f3n y agradecimiento a la gesti\u00f3n del alcalde Santo Ram\u00edrez y a la Junta de Vecinos que los representa por haber sido tomados en cuenta con estos trabajos.<\/p>\n\n\n\n<p class=\"wp-block-paragraph\">Dijeron presentes, adem\u00e1s, la presidenta del Concejo Edilicio Carolina D\u00edaz, los l\u00edderes y miembros de la organizaci\u00f3n comunitaria Carmen Marte, Norma N\u00fa\u00f1ez, empleados y funcionarios del cabildo, prensa local y residentes de la barriada.<\/p>\n","protected":false},"excerpt":{"rendered":"<p>BAN\u013a, Rep\u00fablica Dominicana.- El Presupuesto Participativo del Ayuntamiento de Ban\u00ed dej\u00f3 aperturados los trabajos de reparaci\u00f3n de viviendas en el sector Man\u00ed Abajo, en lo que destinar\u00e1 un monto de 200,000 pesos, donde adem\u00e1s se invertir\u00e1n 100,000 pesos en mobiliarios. La vicealcaldesa Adriana Soto, ponder\u00f3 que se han preocupado por el bienestar de las personas [&hellip;]<\/p>\n","protected":false},"author":1,"featured_media":388226,"comment_status":"open","ping_status":"open","sticky":false,"template":"","format":"video","meta":{"_bbp_topic_count":0,"_bbp_reply_count":0,"_bbp_total_topic_count":0,"_bbp_total_reply_count":0,"_bbp_voice_count":0,"_bbp_anonymous_reply_count":0,"_bbp_topic_count_hidden":0,"_bbp_reply_count_hidden":0,"_bbp_forum_subforum_count":0,"footnotes":""},"categories":[30,106],"tags":[],"class_list":["post-388224","post","type-post","status-publish","format-video","has-post-thumbnail","category-actualidad","category-video-news","post_format-post-format-video"],"_links":{"self":[{"href":"https:\/\/primermomento.com\/index.php?rest_route=\/wp\/v2\/posts\/388224","targetHints":{"allow":["GET"]}}],"collection":[{"href":"https:\/\/primermomento.com\/index.php?rest_route=\/wp\/v2\/posts"}],"about":[{"href":"https:\/\/primermomento.com\/index.php?rest_route=\/wp\/v2\/types\/post"}],"author":[{"embeddable":true,"href":"https:\/\/primermomento.com\/index.php?rest_route=\/wp\/v2\/users\/1"}],"replies":[{"embeddable":true,"href":"https:\/\/primermomento.com\/index.php?rest_route=%2Fwp%2Fv2%2Fcomments&post=388224"}],"version-history":[{"count":2,"href":"https:\/\/primermomento.com\/index.php?rest_route=\/wp\/v2\/posts\/388224\/revisions"}],"predecessor-version":[{"id":388229,"href":"https:\/\/primermomento.com\/index.php?rest_route=\/wp\/v2\/posts\/388224\/revisions\/388229"}],"wp:featuredmedia":[{"embeddable":true,"href":"https:\/\/primermomento.com\/index.php?rest_route=\/wp\/v2\/media\/388226"}],"wp:attachment":[{"href":"https:\/\/primermomento.com\/index.php?rest_route=%2Fwp%2Fv2%2Fmedia&parent=388224"}],"wp:term":[{"taxonomy":"category","embeddable":true,"href":"https:\/\/primermomento.com\/index.php?rest_route=%2Fwp%2Fv2%2Fcategories&post=388224"},{"taxonomy":"post_tag","embeddable":true,"href":"https:\/\/primermomento.com\/index.php?rest_route=%2Fwp%2Fv2%2Ftags&post=388224"}],"curies":[{"name":"wp","href":"https:\/\/api.w.org\/{rel}","templated":true}]}}