{"id":388259,"date":"2023-05-24T18:09:55","date_gmt":"2023-05-24T22:09:55","guid":{"rendered":"https:\/\/primermomento.com\/?p=388259"},"modified":"2023-05-24T18:15:14","modified_gmt":"2023-05-24T22:15:14","slug":"murio-tina-turner-la-reina-del-rock-and-roll","status":"publish","type":"post","link":"https:\/\/primermomento.com\/?p=388259","title":{"rendered":"Muri\u00f3 Tina Turner, la \u00abreina del Rock and Roll\u00bb"},"content":{"rendered":"\n<p class=\"wp-block-paragraph\">BERNA, Suiza.- La afamada cantante estadounidense Tina Turner, considerada la \u00abreina del Rock and Roll\u00bb, falleci\u00f3 hoy a los 83 a\u00f1os, seg\u00fan inform\u00f3 su representante.<\/p>\n\n\n\n<p class=\"wp-block-paragraph\">La tambi\u00e9n llamada abuela del rock muri\u00f3 \u00abtras una larga enfermedad\u00bb en su casa de Kusnacht, cerca de Z\u00farich, Suiza.<\/p>\n\n\n\n<p class=\"wp-block-paragraph\">Turner tuvo una carrera de m\u00e1s de cinco d\u00e9cadas y \u00abcon ella, el mundo pierde una leyenda de la m\u00fasica y un ejemplo a seguir\u00bb, expres\u00f3 un comunicado de su agente.<\/p>\n\n\n<div class=\"wp-block-image\">\n<figure class=\"aligncenter size-full\"><img loading=\"lazy\" decoding=\"async\" width=\"640\" height=\"444\" src=\"https:\/\/primermomento.com\/wp-content\/uploads\/2023\/05\/Tina-Turner-1.jpeg\" alt=\"\" class=\"wp-image-388262\" srcset=\"https:\/\/primermomento.com\/wp-content\/uploads\/2023\/05\/Tina-Turner-1.jpeg 640w, https:\/\/primermomento.com\/wp-content\/uploads\/2023\/05\/Tina-Turner-1-300x208.jpeg 300w, https:\/\/primermomento.com\/wp-content\/uploads\/2023\/05\/Tina-Turner-1-218x150.jpeg 218w\" sizes=\"auto, (max-width: 640px) 100vw, 640px\" \/><\/figure>\n<\/div>\n\n\n<p class=\"has-text-align-center wp-block-paragraph\"><em>Tina Turner<\/em><\/p>\n\n\n\n<p class=\"wp-block-paragraph\">La int\u00e9rprete llevaba retirada desde 2013 y sufr\u00eda un c\u00e1ncer intestinal, diagnosticado en 2016, y un trasplante de ri\u00f1\u00f3n en 2017.<\/p>\n\n\n\n<p class=\"wp-block-paragraph\">Devino en una de las artistas m\u00e1s grandes de todos los tiempos, conocida por \u00e9xitos como What\u2019s Love Got to Do with It y The Best.<\/p>\n\n\n\n<p class=\"wp-block-paragraph\">Su carrera ha sido celebrada en el mundo entero y recibi\u00f3 numerosos premios y reconocimientos durante su trayectoria como int\u00e9rprete, bailarina, core\u00f3grafa y compositora.<\/p>\n\n\n\n<p class=\"wp-block-paragraph\">Consigui\u00f3 colocar una docena de canciones en el Top 40, incluyendo \u00abTypical Male\u00bb, \u00abThe Best\u00bb, \u00abPrivate Dancer\u00bb y \u00abBetter Be Good to Me\u00bb.<\/p>\n\n\n\n<p class=\"wp-block-paragraph\">Su espect\u00e1culo de 1988 en R\u00edo de Janeiro atrajo a 180 mil personas, lo que sigue siendo una de las audiencias de conciertos m\u00e1s grandes para un solo artista.<\/p>\n\n\n\n<p class=\"wp-block-paragraph\">La cantante naci\u00f3 en Brownsville, Tennessee, Estados Unidos, en 1939, con el nombre de pila de Anna Mae Bullock.<\/p>\n\n\n\n<p class=\"wp-block-paragraph\">Su infancia estuvo llena de dificultades marcadas por la pobreza y el abandono de sus padres y fue ah\u00ed cuando su voz empez\u00f3 a emerger.<\/p>\n\n\n\n<p class=\"wp-block-paragraph\">Comenz\u00f3 su trayectoria en la d\u00e9cada de 1950 cuando se uni\u00f3 a la banda de Ike Turner (quien fuera su esposo) como cantante de apoyo.<\/p>\n\n\n\n<p class=\"wp-block-paragraph\">Pero no pas\u00f3 mucho tiempo antes de que su talento y carisma la llevaran al frente del escenario.<\/p>\n\n\n\n<p class=\"wp-block-paragraph\">A la par de sus actuaciones vivi\u00f3 un matrimonio lleno de sinsabores, violencia de g\u00e9nero, adicciones e intentos de suicidio.<\/p>\n\n\n\n<p class=\"wp-block-paragraph\">Tras una batalla legal para el divorcio decidi\u00f3 relanzar su carrera.<\/p>\n\n\n\n<p class=\"wp-block-paragraph\">A anteriores \u00e9xitos como Proud Mary siguieron Private Dancer, Better Be Good to Me y, sobre todo, What\u2019s Love Got To Do With It.<\/p>\n\n\n\n<p class=\"wp-block-paragraph\">Su trayectoria como \u00edcono del rock estaba ya consagrada cuando lanz\u00f3 la que para muchos es su mejor canci\u00f3n: The Best.<\/p>\n\n\n\n<p class=\"wp-block-paragraph\">Tambi\u00e9n su propia vida fue llevada al cine en What\u2019s Love Got to Do with It de 1993.<\/p>\n\n\n\n<p class=\"wp-block-paragraph\">Vendi\u00f3 m\u00e1s de 150 millones de discos en todo el mundo, gan\u00f3 12 premios Grammy, ingres\u00f3 junto con Ike en el Sal\u00f3n de la Fama del Rock and Roll en 1991 (y sola en 2021).<\/p>\n\n\n\n<p class=\"has-text-align-right wp-block-paragraph\"><em>PL<\/em><\/p>\n","protected":false},"excerpt":{"rendered":"<p>BERNA, Suiza.- La afamada cantante estadounidense Tina Turner, considerada la \u00abreina del Rock and Roll\u00bb, falleci\u00f3 hoy a los 83 a\u00f1os, seg\u00fan inform\u00f3 su representante. La tambi\u00e9n llamada abuela del rock muri\u00f3 \u00abtras una larga enfermedad\u00bb en su casa de Kusnacht, cerca de Z\u00farich, Suiza. Turner tuvo una carrera de m\u00e1s de cinco d\u00e9cadas y [&hellip;]<\/p>\n","protected":false},"author":1,"featured_media":388260,"comment_status":"open","ping_status":"open","sticky":false,"template":"","format":"video","meta":{"_bbp_topic_count":0,"_bbp_reply_count":0,"_bbp_total_topic_count":0,"_bbp_total_reply_count":0,"_bbp_voice_count":0,"_bbp_anonymous_reply_count":0,"_bbp_topic_count_hidden":0,"_bbp_reply_count_hidden":0,"_bbp_forum_subforum_count":0,"footnotes":""},"categories":[39,106],"tags":[],"class_list":["post-388259","post","type-post","status-publish","format-video","has-post-thumbnail","category-entretenimiento","category-video-news","post_format-post-format-video"],"_links":{"self":[{"href":"https:\/\/primermomento.com\/index.php?rest_route=\/wp\/v2\/posts\/388259","targetHints":{"allow":["GET"]}}],"collection":[{"href":"https:\/\/primermomento.com\/index.php?rest_route=\/wp\/v2\/posts"}],"about":[{"href":"https:\/\/primermomento.com\/index.php?rest_route=\/wp\/v2\/types\/post"}],"author":[{"embeddable":true,"href":"https:\/\/primermomento.com\/index.php?rest_route=\/wp\/v2\/users\/1"}],"replies":[{"embeddable":true,"href":"https:\/\/primermomento.com\/index.php?rest_route=%2Fwp%2Fv2%2Fcomments&post=388259"}],"version-history":[{"count":3,"href":"https:\/\/primermomento.com\/index.php?rest_route=\/wp\/v2\/posts\/388259\/revisions"}],"predecessor-version":[{"id":388266,"href":"https:\/\/primermomento.com\/index.php?rest_route=\/wp\/v2\/posts\/388259\/revisions\/388266"}],"wp:featuredmedia":[{"embeddable":true,"href":"https:\/\/primermomento.com\/index.php?rest_route=\/wp\/v2\/media\/388260"}],"wp:attachment":[{"href":"https:\/\/primermomento.com\/index.php?rest_route=%2Fwp%2Fv2%2Fmedia&parent=388259"}],"wp:term":[{"taxonomy":"category","embeddable":true,"href":"https:\/\/primermomento.com\/index.php?rest_route=%2Fwp%2Fv2%2Fcategories&post=388259"},{"taxonomy":"post_tag","embeddable":true,"href":"https:\/\/primermomento.com\/index.php?rest_route=%2Fwp%2Fv2%2Ftags&post=388259"}],"curies":[{"name":"wp","href":"https:\/\/api.w.org\/{rel}","templated":true}]}}