{"id":388309,"date":"2023-05-25T10:47:45","date_gmt":"2023-05-25T14:47:45","guid":{"rendered":"https:\/\/primermomento.com\/?p=388309"},"modified":"2023-05-25T10:47:46","modified_gmt":"2023-05-25T14:47:46","slug":"desantis-anuncia-gira-por-eeuu-como-aspirante-a-la-presidencia","status":"publish","type":"post","link":"https:\/\/primermomento.com\/?p=388309","title":{"rendered":"DeSantis anuncia gira por EEUU como aspirante a la Presidencia"},"content":{"rendered":"\n<p class=\"wp-block-paragraph\">WASHINGTON, EEUU.- El gobernador de Florida, Ron DeSantis, comenzar\u00e1 la pr\u00f3xima semana su primera gira como aspirante a la candidato a la presidencia de Estados Unidos de 2024 por el Partido Republicano, anunci\u00f3 hoy su equipo de campa\u00f1a.<\/p>\n\n\n\n<p class=\"wp-block-paragraph\">La divulgaci\u00f3n del periplo por los estados de Iowa, New Hamsphire y Carolina del Sur sigue a la inscripci\u00f3n del pol\u00edtico en la carrera por la Casa Blanca, suceso acontecido la v\u00edspera despu\u00e9s de meses de especulaciones acerca de una posible postulaci\u00f3n.<\/p>\n\n\n\n<p class=\"wp-block-paragraph\">DeSantis public\u00f3 ayer un v\u00eddeo anunciando su lanzamiento mientras conversaba en Twitter Spaces con el jefe de la compa\u00f1\u00eda, Elon Musk, pero la pl\u00e1tica se vio empa\u00f1ada por fallas t\u00e9cnicas y fue objeto de burlas de quienes ser\u00e1n sus rivales en las primarias republicanas el a\u00f1o venidero.<\/p>\n\n\n\n<p class=\"wp-block-paragraph\">El equipo del gobernador se apresur\u00f3 a se\u00f1alar, no obstante, que el di\u00e1logo atrajo a cientos de miles de oyentes y que recaud\u00f3 un mill\u00f3n de d\u00f3lares en la primera hora de su campa\u00f1a oficial.<\/p>\n\n\n\n<p class=\"wp-block-paragraph\">El director de campa\u00f1a del gobernador, Generra Peck, asegur\u00f3 en un comunicado que su equipo est\u00e1 enfocado en llevar su mensaje a los primeros votantes.<\/p>\n\n\n\n<p class=\"wp-block-paragraph\">\u201cNuestra campa\u00f1a se compromete a dedicar tiempo para ganar estos estados. Nadie trabajar\u00e1 m\u00e1s duro que el gobernador DeSantis para compartir su visi\u00f3n con el pa\u00eds; solo ha comenzado a luchar\u201d, declar\u00f3 Peck citado por diario digital The Hill. La candidatura de DeSantis ocurre en medio de varias pol\u00e9micas por su aprobaci\u00f3n de medidas calificadas por grupos progresistas de Estados Unidos como de ultraderecha.<\/p>\n\n\n\n<p class=\"wp-block-paragraph\">Las decisiones m\u00e1s pol\u00e9micas del pol\u00edtico conservador van desde firmar una norma que anula los requisitos de licencia para portar armas de fuego ocultas, pese al incremento de la violencia armada en Estados Unidos, hasta bloquear un curso de Estudios Afroamericanos para evitar que se imparta esa materia en las escuelas secundarias.<\/p>\n\n\n\n<p class=\"wp-block-paragraph\">Debido en parte a esa iniciativa, la Asociaci\u00f3n Nacional para el Progreso de las Personas de Color de Estados Unidos se\u00f1al\u00f3 que la administraci\u00f3n de Florida \u201ces abiertamente hostil hacia los afroamericanos, las personas de color y los integrantes de la comunidad de lesbianas, gays, bisexuales, transg\u00e9neros y queers\u201d.<\/p>\n\n\n\n<p class=\"wp-block-paragraph\">Otra de sus objetadas disposiciones es aquella que permite a los proveedores de salud rehusarse a dar asistencia en base a creencias morales, \u00e9ticas y religiosas.<\/p>\n\n\n\n<p class=\"wp-block-paragraph\">Eso, seg\u00fan la Uni\u00f3n Estadounidense por las Libertades Civiles, significa que un m\u00e9dico puede negarse a brindar atenci\u00f3n a los floridanos en funci\u00f3n de su idiosincrasia personal y confiere total inmunidad por cualquier consecuencia negativa que resulte de la denegaci\u00f3n de la ayuda.<\/p>\n\n\n\n<p class=\"has-text-align-right wp-block-paragraph\"><em>PL<\/em><\/p>\n","protected":false},"excerpt":{"rendered":"<p>WASHINGTON, EEUU.- El gobernador de Florida, Ron DeSantis, comenzar\u00e1 la pr\u00f3xima semana su primera gira como aspirante a la candidato a la presidencia de Estados Unidos de 2024 por el Partido Republicano, anunci\u00f3 hoy su equipo de campa\u00f1a. La divulgaci\u00f3n del periplo por los estados de Iowa, New Hamsphire y Carolina del Sur sigue a [&hellip;]<\/p>\n","protected":false},"author":1,"featured_media":388310,"comment_status":"open","ping_status":"open","sticky":false,"template":"","format":"video","meta":{"_bbp_topic_count":0,"_bbp_reply_count":0,"_bbp_total_topic_count":0,"_bbp_total_reply_count":0,"_bbp_voice_count":0,"_bbp_anonymous_reply_count":0,"_bbp_topic_count_hidden":0,"_bbp_reply_count_hidden":0,"_bbp_forum_subforum_count":0,"footnotes":""},"categories":[61,106],"tags":[],"class_list":["post-388309","post","type-post","status-publish","format-video","has-post-thumbnail","category-mundo","category-video-news","post_format-post-format-video"],"_links":{"self":[{"href":"https:\/\/primermomento.com\/index.php?rest_route=\/wp\/v2\/posts\/388309","targetHints":{"allow":["GET"]}}],"collection":[{"href":"https:\/\/primermomento.com\/index.php?rest_route=\/wp\/v2\/posts"}],"about":[{"href":"https:\/\/primermomento.com\/index.php?rest_route=\/wp\/v2\/types\/post"}],"author":[{"embeddable":true,"href":"https:\/\/primermomento.com\/index.php?rest_route=\/wp\/v2\/users\/1"}],"replies":[{"embeddable":true,"href":"https:\/\/primermomento.com\/index.php?rest_route=%2Fwp%2Fv2%2Fcomments&post=388309"}],"version-history":[{"count":1,"href":"https:\/\/primermomento.com\/index.php?rest_route=\/wp\/v2\/posts\/388309\/revisions"}],"predecessor-version":[{"id":388311,"href":"https:\/\/primermomento.com\/index.php?rest_route=\/wp\/v2\/posts\/388309\/revisions\/388311"}],"wp:featuredmedia":[{"embeddable":true,"href":"https:\/\/primermomento.com\/index.php?rest_route=\/wp\/v2\/media\/388310"}],"wp:attachment":[{"href":"https:\/\/primermomento.com\/index.php?rest_route=%2Fwp%2Fv2%2Fmedia&parent=388309"}],"wp:term":[{"taxonomy":"category","embeddable":true,"href":"https:\/\/primermomento.com\/index.php?rest_route=%2Fwp%2Fv2%2Fcategories&post=388309"},{"taxonomy":"post_tag","embeddable":true,"href":"https:\/\/primermomento.com\/index.php?rest_route=%2Fwp%2Fv2%2Ftags&post=388309"}],"curies":[{"name":"wp","href":"https:\/\/api.w.org\/{rel}","templated":true}]}}