{"id":388323,"date":"2023-05-25T08:28:00","date_gmt":"2023-05-25T12:28:00","guid":{"rendered":"https:\/\/primermomento.com\/?p=388323"},"modified":"2023-05-25T12:41:21","modified_gmt":"2023-05-25T16:41:21","slug":"monina-sola-una-leyenda-del-teatro-critica-a-un-libro-oportuno","status":"publish","type":"post","link":"https:\/\/primermomento.com\/?p=388323","title":{"rendered":"Monina\u00a0Sol\u00e1, una leyenda del teatro (Cr\u00edtica a un libro oportuno)"},"content":{"rendered":"\n<ul class=\"wp-block-list\">\n<li><strong>Pocas\u00a0veces\u00a0como en este caso, se han editado unas memorias biogr\u00e1ficas de forma tan r\u00e1pida, oportuna y con la impecable rigurosidad,\u00a0con que\u00a0ha salido este t\u00edtulo, cuyas p\u00e1ginas recorren su paso por programas de radio, televisi\u00f3n y, sobre todo, teatro.<\/strong><\/li>\n<\/ul>\n\n\n\n<p class=\"wp-block-paragraph\">SANTO DOMINGO, Rep\u00fablica Dominicana.- Quienes sentimos como p\u00fablico el influjo de su presencia en escenario, quienes nos maravillamos con su manejo de la voz, y que nos encandilamos con la maestr\u00eda cl\u00e1sica y bien normada de su movilidad en las tablas, quienes disfrutamos de su figura y de sus parlamentos de sus desaf\u00edos histri\u00f3nicos, no podremos nunca olvidar a Monina Sol\u00e1, la gran dama y leyenda del teatro dominicano.<\/p>\n\n\n\n<p class=\"wp-block-paragraph\">Monina, simplemente Monina, la marca m\u00e1s alta y pura de la actuaci\u00f3n femenina nacional, falleci\u00f3, para tristeza del gran escenario nacional del teatro, el 29 de abril pasado, y que cumplir\u00eda 90 a\u00f1os este pasado, el 23 de mayo.<\/p>\n\n\n<div class=\"wp-block-image\">\n<figure class=\"alignleft size-full\"><img loading=\"lazy\" decoding=\"async\" width=\"352\" height=\"423\" src=\"https:\/\/primermomento.com\/wp-content\/uploads\/2023\/05\/Monina-Sola-en-foto-de-estudio-fotografico.jpg\" alt=\"\" class=\"wp-image-388327\" srcset=\"https:\/\/primermomento.com\/wp-content\/uploads\/2023\/05\/Monina-Sola-en-foto-de-estudio-fotografico.jpg 352w, https:\/\/primermomento.com\/wp-content\/uploads\/2023\/05\/Monina-Sola-en-foto-de-estudio-fotografico-250x300.jpg 250w\" sizes=\"auto, (max-width: 352px) 100vw, 352px\" \/><\/figure>\n<\/div>\n\n\n<p class=\"wp-block-paragraph\">Ella nos ofreci\u00f3 a los amantes del buen teatro de tres generaciones durante casi 80 a\u00f1os en los cuales, lo que nos aport\u00f3 teatralmente, una entrega inmensa e impecable.<\/p>\n\n\n\n<p class=\"wp-block-paragraph\">Solo la enfermedad la pudo retirar de su ejercicio actoral pero esa ausencia bien que se llen\u00f3 de los recuerdos con sus actuaciones junto a Freddy Nanita, el maestro Franklin Dom\u00ednguez, Marino Hoopelman, Antonia Blanco Montes Fernando Enrique Ariza, Oscar Iglesias (actor y locutor), la inolvidable (y ahora virtualmente una desconocida) Carmen Rull, o Thelma Nuris Espinosa, por solo mencionar algunos nombres enmarcados en una generaci\u00f3n de actores ya pasada.<\/p>\n\n\n\n<p class=\"wp-block-paragraph\"><em>Monina Sol\u00e1, la gran dama del teatro dominicano, tiene el libro que merece, escrito por su hijo y realizado por un equipo editorial que tuvo conciencia plena de la importancia de su trabajo. Foto: Nicole S\u00e1nchez<\/em><\/p>\n\n\n\n<p class=\"wp-block-paragraph\">Pero el agradecimiento de un pa\u00eds, la gesti\u00f3n de un hijo que se enorgullece de su madre (Homero Luis Lajara Sol\u00e1) doliente y la labor de un investigador teatral (Canek Denis) nos han permitido eternizar en el valor de su obra, mediante Monina Sol\u00e1. Leyenda del teatro y que fuera presentado, hermosa y est\u00e9ticamente producido, en un acto especial a su memoria, en el Teatro Monina Sol\u00e1, de Villa Juana, en el cual estuvieron los imprescindibles, reporta con el tono de aguda perspectiva de Alfonso Qui\u00f1ones, desde El Caribe, el detallado relato de aquel homenaje. Extra\u00f1o que no estuviera Milagros Germ\u00e1n, Ministra de Cultura (\u00bfHabr\u00e1 sido invitada?)<\/p>\n\n\n\n<p class=\"wp-block-paragraph\">Lajara Sol\u00e1, hombre de la Armada y de las letras, expresada en cuatro libros y una obra como articulista de opini\u00f3n, del decano matutino List\u00edn Diario, ten\u00eda conciencia de la importancia de consagrar la obra de su madre, por lo que, junto a un equipo, no perdi\u00f3 tiempo alguno y compilaron datos e im\u00e1genes, que son elementos destacados de la historia del teatro dominicano.<\/p>\n\n\n\n<p class=\"wp-block-paragraph\">Llama la atenci\u00f3n la destreza narrativa de Lajara Sola por su intenci\u00f3n claramente did\u00e1ctica, matizada por el uso de voces narrativas simples y directas, que no tuercen el camino con vocablos de innecesaria complejidad.<\/p>\n\n\n<div class=\"wp-block-image\">\n<figure class=\"alignright size-full\"><img loading=\"lazy\" decoding=\"async\" width=\"358\" height=\"525\" src=\"https:\/\/primermomento.com\/wp-content\/uploads\/2023\/05\/Portada-del-libro-Monina-Sola.-Leyenda-del-teatro-dominicano.jpg\" alt=\"\" class=\"wp-image-388328\" srcset=\"https:\/\/primermomento.com\/wp-content\/uploads\/2023\/05\/Portada-del-libro-Monina-Sola.-Leyenda-del-teatro-dominicano.jpg 358w, https:\/\/primermomento.com\/wp-content\/uploads\/2023\/05\/Portada-del-libro-Monina-Sola.-Leyenda-del-teatro-dominicano-205x300.jpg 205w\" sizes=\"auto, (max-width: 358px) 100vw, 358px\" \/><\/figure>\n<\/div>\n\n\n<p class=\"wp-block-paragraph\">El autor Sabe narrar con el objetivo de contar una historia con un sentido documental, asimilable y que logre dar el cuadro biogr\u00e1fico completo.<\/p>\n\n\n\n<p class=\"wp-block-paragraph\">Pocas veces como en este caso, se han editado unas memorias biogr\u00e1ficas de forma tan r\u00e1pida, oportuna y con la impecable rigurosidad, con que ha salido este t\u00edtulo, cuyas p\u00e1ginas recorren su paso por programas de radio, televisi\u00f3n y, sobre todo, teatro. Claramente, le falt\u00f3 un gran protag\u00f3nico en cine, pero los astros no se alinearon para que fuera posible. Cuando el cine nacional entraba en su onda ascendente, ella sal\u00eda del escenario.<\/p>\n\n\n\n<p class=\"wp-block-paragraph\">El valor documental del libro viene dado por la completa panor\u00e1mica de datos e im\u00e1genes, ubicados en los archivos familiares y de figuras del teatro: Augusto Feria, Jos\u00e9 Roberto D\u00edaz <\/p>\n\n\n\n<p class=\"wp-block-paragraph\">Garc\u00eda, Karina Noble, Karla Hatton y el de la Compa\u00f1\u00eda Nacional de Teatro, y el Archivo General de la Naci\u00f3n entre otros.<\/p>\n\n\n\n<p class=\"wp-block-paragraph\">El libro biogr\u00e1fico no es solo un vadem\u00e9cum de informaci\u00f3n personal, que recorre sus im\u00e1genes de obras teatrales y de an\u00e9cdotas tan significativas como trascendentes que evidencian que ella supo cu\u00e1l era su meta en la vida.<\/p>\n\n\n\n<p class=\"wp-block-paragraph\">Desde su ingreso, como ni\u00f1a, a la escuela de Danza de la profesora Herta Brawer, quien percibe que la alumna ostenta actitud para el baile, el canto, la coreograf\u00eda, la declamaci\u00f3n y la actuaci\u00f3n (Testimonio de Manuel Escobar Alfonseca).<\/p>\n\n\n\n<p class=\"wp-block-paragraph\">Monina Sol\u00e1. Leyenda del teatro dominicano es una obra ricamente documentada, que se entrega en el momento preciso y que debe ser objeto de lectura por parte del p\u00fablico y de estudio por quienes aman y hacen teatro.<\/p>\n\n\n\n<p class=\"wp-block-paragraph\">Estamos ante un ejemplo de la diversidad interpretativa de una mujer que, sin propon\u00e9rselo, se erige, sin buscar titulares, sin oficinas de Relaciones P\u00fablicas a su servicio, como la gran dama del teatro.<\/p>\n\n\n\n<p class=\"wp-block-paragraph\">El mejor homenaje a lo que representa actoralmente esta mujer que sigue viva en el recuerdo, es buscar, leer y atesorar este t\u00edtulo de dise\u00f1o tan cuidado e impresi\u00f3n impecable sobre su papel satinado.<\/p>\n\n\n\n<p class=\"wp-block-paragraph\">Ficha T\u00e9cnica<\/p>\n\n\n\n<p class=\"wp-block-paragraph\">T\u00edtulo: Monina Sol\u00e1. Leyenda del teatro dominicano<\/p>\n\n\n\n<p class=\"wp-block-paragraph\">Autor: Luis Homero Lajara Sol\u00e1<\/p>\n\n\n\n<p class=\"wp-block-paragraph\">Primera edici\u00f3n, 2023<\/p>\n\n\n\n<p class=\"wp-block-paragraph\">Investigaci\u00f3n, transcripciones y digitalizaci\u00f3n documental: Canek Denis Correcci\u00f3n: Luis Musolino<\/p>\n\n\n\n<p class=\"wp-block-paragraph\">Dise\u00f1o de portada: Pamela Ortega<\/p>\n\n\n\n<p class=\"wp-block-paragraph\">Pr\u00f3logo: Karina Noble<\/p>\n\n\n\n<p class=\"wp-block-paragraph\">IBSN:978-9945-18-33=55-0<\/p>\n\n\n\n<p class=\"wp-block-paragraph\">Impresi\u00f3n: Editora Corripio<\/p>\n\n\n\n<p class=\"has-text-align-right wp-block-paragraph\"><em>Jos\u00e9 Rafael Sosa<\/em><\/p>\n","protected":false},"excerpt":{"rendered":"<p>SANTO DOMINGO, Rep\u00fablica Dominicana.- Quienes sentimos como p\u00fablico el influjo de su presencia en escenario, quienes nos maravillamos con su manejo de la voz, y que nos encandilamos con la maestr\u00eda cl\u00e1sica y bien normada de su movilidad en las tablas, quienes disfrutamos de su figura y de sus parlamentos de sus desaf\u00edos histri\u00f3nicos, no [&hellip;]<\/p>\n","protected":false},"author":1,"featured_media":388324,"comment_status":"open","ping_status":"open","sticky":false,"template":"","format":"standard","meta":{"_bbp_topic_count":0,"_bbp_reply_count":0,"_bbp_total_topic_count":0,"_bbp_total_reply_count":0,"_bbp_voice_count":0,"_bbp_anonymous_reply_count":0,"_bbp_topic_count_hidden":0,"_bbp_reply_count_hidden":0,"_bbp_forum_subforum_count":0,"footnotes":""},"categories":[39],"tags":[],"class_list":["post-388323","post","type-post","status-publish","format-standard","has-post-thumbnail","category-entretenimiento"],"_links":{"self":[{"href":"https:\/\/primermomento.com\/index.php?rest_route=\/wp\/v2\/posts\/388323","targetHints":{"allow":["GET"]}}],"collection":[{"href":"https:\/\/primermomento.com\/index.php?rest_route=\/wp\/v2\/posts"}],"about":[{"href":"https:\/\/primermomento.com\/index.php?rest_route=\/wp\/v2\/types\/post"}],"author":[{"embeddable":true,"href":"https:\/\/primermomento.com\/index.php?rest_route=\/wp\/v2\/users\/1"}],"replies":[{"embeddable":true,"href":"https:\/\/primermomento.com\/index.php?rest_route=%2Fwp%2Fv2%2Fcomments&post=388323"}],"version-history":[{"count":2,"href":"https:\/\/primermomento.com\/index.php?rest_route=\/wp\/v2\/posts\/388323\/revisions"}],"predecessor-version":[{"id":388329,"href":"https:\/\/primermomento.com\/index.php?rest_route=\/wp\/v2\/posts\/388323\/revisions\/388329"}],"wp:featuredmedia":[{"embeddable":true,"href":"https:\/\/primermomento.com\/index.php?rest_route=\/wp\/v2\/media\/388324"}],"wp:attachment":[{"href":"https:\/\/primermomento.com\/index.php?rest_route=%2Fwp%2Fv2%2Fmedia&parent=388323"}],"wp:term":[{"taxonomy":"category","embeddable":true,"href":"https:\/\/primermomento.com\/index.php?rest_route=%2Fwp%2Fv2%2Fcategories&post=388323"},{"taxonomy":"post_tag","embeddable":true,"href":"https:\/\/primermomento.com\/index.php?rest_route=%2Fwp%2Fv2%2Ftags&post=388323"}],"curies":[{"name":"wp","href":"https:\/\/api.w.org\/{rel}","templated":true}]}}