{"id":388422,"date":"2023-05-27T06:24:00","date_gmt":"2023-05-27T10:24:00","guid":{"rendered":"https:\/\/primermomento.com\/?p=388422"},"modified":"2023-05-27T10:22:25","modified_gmt":"2023-05-27T14:22:25","slug":"una-pelicula-de-parejas-gana-iv-premio-adopresci-de-la-critica-2023","status":"publish","type":"post","link":"https:\/\/primermomento.com\/?p=388422","title":{"rendered":"Una pel\u00edcula de parejas gana IV Premio ADOPRESCI de la Cr\u00edtica\u00a02023"},"content":{"rendered":"\n<ul class=\"wp-block-list\">\n<li><strong>Carajita gana en gui\u00f3n, fotograf\u00eda, sonido y actriz, mientras que la mejor actuaci\u00f3n masculina fue para Ettore D\u2019Alessandro (La encomienda). El ceremonial fue realizado en Cinemateca Dominicana.<\/strong><\/li>\n<\/ul>\n\n\n\n<p class=\"wp-block-paragraph\">SANTO DOMINGO, Rep\u00fablica Dominicana.- La Asociaci\u00f3n Dominicana de Prensa y Cr\u00edtica Cinematogr\u00e1fica entreg\u00f3 el IV Premio de la Cr\u00edtica a las mejores pel\u00edculas, actuaciones y aspectos t\u00e9cnicos de las producciones nacionales exhibidas en 2022, resultando Una Mirada de Parejas (Natalia Cabral, Oriol Estrada) ganadora de Mejor pel\u00edcula y mejor director.<\/p>\n\n\n\n<p class=\"wp-block-paragraph\">En un ceremonial realizado en la sala principal de proyecciones de la Cinemateca Dominicana, los cr\u00edticos y cronistas de cine, reconocieron tambi\u00e9n a Carajita (Ulises Porra y Silvina Schnicer), como ganadora en los renglones de gui\u00f3n, fotograf\u00eda, sonido y actriz.<\/p>\n\n\n<div class=\"wp-block-image\">\n<figure class=\"aligncenter size-full\"><img loading=\"lazy\" decoding=\"async\" width=\"697\" height=\"523\" src=\"https:\/\/primermomento.com\/wp-content\/uploads\/2023\/05\/Exhibicion-Rafaela-en-exposicion-Metamorfosis.jpg\" alt=\"\" class=\"wp-image-388426\" srcset=\"https:\/\/primermomento.com\/wp-content\/uploads\/2023\/05\/Exhibicion-Rafaela-en-exposicion-Metamorfosis.jpg 697w, https:\/\/primermomento.com\/wp-content\/uploads\/2023\/05\/Exhibicion-Rafaela-en-exposicion-Metamorfosis-300x225.jpg 300w\" sizes=\"auto, (max-width: 697px) 100vw, 697px\" \/><\/figure>\n<\/div>\n\n\n<p class=\"wp-block-paragraph\"><em>Una de las piezas de la instalaci\u00f3n Metamorfosis, instalada hasta agosto en la antesala de la Cinemateca Dominicana, como parte del ceremonial del IV Premio ADOPRESCI de la Cr\u00edtica 2023.<\/em><\/p>\n\n\n\n<p class=\"wp-block-paragraph\">La presidenta de la asociaci\u00f3n, la cr\u00edtica Dahiana Acosta, quien agradeci\u00f3 el respaldo al Premio ADOPRESCI A Samuel\u00a0Pereyra, administrador general y Wilson Rodr\u00edguez, director de comunicaciones Banreservas; a \u00a0Nelson Jim\u00e9nez y Leticia \u2018Tonos, de EGEDA DOMINICANA y a Lorenzo G\u00f3mez Mar\u00edn y Juan Carlos G\u00f3mez, de LOGOMARCA \u00a0por \u00a0el dise\u00f1o y la confecci\u00f3n del trofeo del galard\u00f3n desde la primera edici\u00f3n en 2020.<\/p>\n\n\n\n<p class=\"wp-block-paragraph\">De igual modo, agradeci\u00f3 a la Direcci\u00f3n General de Cine, (DGCINE), en su directora Marianna Vargas, y Jos\u00e9 Enrique Rodr\u00edguez, Encargado de la Cinemateca y su equipo, Amparo, Natacha, Paul, Alexander y Desire\u00e9, Michel.&nbsp;Durante el ceremonial se hizo un homenaje al extinto director de fotograf\u00eda y productor Claudio Chea, recibido por su hijo Pablo.<\/p>\n\n\n\n<p class=\"wp-block-paragraph\">La presidenta ADOPRESCI dijo que en RD \u201cLas&nbsp;25 pel\u00edculas dominicanas estrenadas comercialmente en 2022, son &nbsp;&nbsp;un aporte a la construcci\u00f3n de la identidad del cine dominicano. y que en 2022 hubo oportunidad de realizar cine foros a casa llena Cinemateca Dominicana y &nbsp;&nbsp;en el Centro Cultural Banreservas.<\/p>\n\n\n\n<p class=\"wp-block-paragraph\">Acosta sostuvo, en torno al ceremonial: \u201cEsta noche le dedicamos un homenaje a estos creadores, que destacamos en la exhibici\u00f3n Met\u00e1foras, consistente en instalaciones con objetos y referencias a las cinco pel\u00edculas nominadas (Bantu Mama, Una pel\u00edcula de parejas, Rafael, La Boya y Carajita).. Esta muestra estar\u00e1 abierta hasta el pr\u00f3ximo mes de agosto. Fue realizada por Smayle Dom\u00ednguez y Dahiana Acosta.<\/p>\n\n\n\n<p class=\"wp-block-paragraph\"><strong>Relaci\u00f3n de ganadores del IV Premio ADOPRESCI de la cr\u00edtica<\/strong>:<\/p>\n\n\n\n<p class=\"wp-block-paragraph\">Mejor pel\u00edcula ficci\u00f3n:&nbsp;Una pel\u00edcula sobre parejas (productores: Natalia Cabral, Oriol Estrada, Ludwig Garc\u00eda, Omar Hasb\u00fan, Agust\u00edn Lama y Pablo Mustonen).<\/p>\n\n\n\n<p class=\"wp-block-paragraph\">Mejor Direcci\u00f3n:&nbsp;Una pel\u00edcula sobre parejas dirigida por Natalia Cabral y Oriol Estrada.<\/p>\n\n\n\n<p class=\"wp-block-paragraph\">Mejor Gui\u00f3n:&nbsp;Carajita:&nbsp; Ulla Prida, Ulises Porra y Silvina Schnicer.<\/p>\n\n\n\n<p class=\"wp-block-paragraph\">Mejor Actor:&nbsp;&nbsp;Ettore D\u2019Alessandro por La Encomienda.<\/p>\n\n\n\n<p class=\"wp-block-paragraph\">Mejor Actriz:&nbsp;Magnolia N\u00fa\u00f1ez por Carajita.<\/p>\n\n\n\n<p class=\"wp-block-paragraph\">Mejor Fotograf\u00eda:&nbsp;Carajita (Sergio Armstrong e Iv\u00e1n Gierasinchuk).<\/p>\n\n\n\n<p class=\"wp-block-paragraph\">Mejor Sonido:&nbsp;Carajita (Franklin Hern\u00e1ndez y Nahuel Palenque)<\/p>\n\n\n\n<p class=\"wp-block-paragraph\">Mejor Edici\u00f3n:&nbsp;Una pel\u00edcula sobre parejas (Aina Calleja y Javier Garc\u00eda Ler\u00edn).<\/p>\n\n\n\n<p class=\"wp-block-paragraph\">Dise\u00f1o de Producci\u00f3n:&nbsp;El Pa\u00eds de las \u00faltimas cosas (Wilhem P\u00e9rez).&nbsp;<\/p>\n\n\n\n<p class=\"wp-block-paragraph\">Musicalizaci\u00f3n:&nbsp;Andr\u00e9s Rodr\u00edguez&nbsp;(Mosh)<\/p>\n\n\n\n<p class=\"wp-block-paragraph\">Mejor documental:&nbsp;Vals de Santo Domingo, dirigido por Tatiana Fern\u00e1ndez Geara.&nbsp;<\/p>\n\n\n\n<p class=\"has-text-align-right wp-block-paragraph\"><em>Servicio de Prensa<\/em><\/p>\n","protected":false},"excerpt":{"rendered":"<p>SANTO DOMINGO, Rep\u00fablica Dominicana.- La Asociaci\u00f3n Dominicana de Prensa y Cr\u00edtica Cinematogr\u00e1fica entreg\u00f3 el IV Premio de la Cr\u00edtica a las mejores pel\u00edculas, actuaciones y aspectos t\u00e9cnicos de las producciones nacionales exhibidas en 2022, resultando Una Mirada de Parejas (Natalia Cabral, Oriol Estrada) ganadora de Mejor pel\u00edcula y mejor director. En un ceremonial realizado en [&hellip;]<\/p>\n","protected":false},"author":1,"featured_media":388423,"comment_status":"open","ping_status":"open","sticky":false,"template":"","format":"standard","meta":{"_bbp_topic_count":0,"_bbp_reply_count":0,"_bbp_total_topic_count":0,"_bbp_total_reply_count":0,"_bbp_voice_count":0,"_bbp_anonymous_reply_count":0,"_bbp_topic_count_hidden":0,"_bbp_reply_count_hidden":0,"_bbp_forum_subforum_count":0,"footnotes":""},"categories":[39],"tags":[],"class_list":["post-388422","post","type-post","status-publish","format-standard","has-post-thumbnail","category-entretenimiento"],"_links":{"self":[{"href":"https:\/\/primermomento.com\/index.php?rest_route=\/wp\/v2\/posts\/388422","targetHints":{"allow":["GET"]}}],"collection":[{"href":"https:\/\/primermomento.com\/index.php?rest_route=\/wp\/v2\/posts"}],"about":[{"href":"https:\/\/primermomento.com\/index.php?rest_route=\/wp\/v2\/types\/post"}],"author":[{"embeddable":true,"href":"https:\/\/primermomento.com\/index.php?rest_route=\/wp\/v2\/users\/1"}],"replies":[{"embeddable":true,"href":"https:\/\/primermomento.com\/index.php?rest_route=%2Fwp%2Fv2%2Fcomments&post=388422"}],"version-history":[{"count":2,"href":"https:\/\/primermomento.com\/index.php?rest_route=\/wp\/v2\/posts\/388422\/revisions"}],"predecessor-version":[{"id":388427,"href":"https:\/\/primermomento.com\/index.php?rest_route=\/wp\/v2\/posts\/388422\/revisions\/388427"}],"wp:featuredmedia":[{"embeddable":true,"href":"https:\/\/primermomento.com\/index.php?rest_route=\/wp\/v2\/media\/388423"}],"wp:attachment":[{"href":"https:\/\/primermomento.com\/index.php?rest_route=%2Fwp%2Fv2%2Fmedia&parent=388422"}],"wp:term":[{"taxonomy":"category","embeddable":true,"href":"https:\/\/primermomento.com\/index.php?rest_route=%2Fwp%2Fv2%2Fcategories&post=388422"},{"taxonomy":"post_tag","embeddable":true,"href":"https:\/\/primermomento.com\/index.php?rest_route=%2Fwp%2Fv2%2Ftags&post=388422"}],"curies":[{"name":"wp","href":"https:\/\/api.w.org\/{rel}","templated":true}]}}