{"id":388470,"date":"2023-05-28T10:49:08","date_gmt":"2023-05-28T14:49:08","guid":{"rendered":"https:\/\/primermomento.com\/?p=388470"},"modified":"2023-05-28T20:41:11","modified_gmt":"2023-05-29T00:41:11","slug":"republicanos-contra-acuerdo-del-techo-de-la-deuda-de-eeuu","status":"publish","type":"post","link":"https:\/\/primermomento.com\/?p=388470","title":{"rendered":"Republicanos contra acuerdo del techo de la deuda de EEUU"},"content":{"rendered":"\n<p class=\"wp-block-paragraph\">WASHINGTON, EEUU.- Republicanos de la C\u00e1mara de Representantes de Estados Unidos expresaron hoy cr\u00edticas sobre el acuerdo alcanzado para elevar el techo de la deuda y evitar un incumplimiento de pago de la naci\u00f3n.<\/p>\n\n\n\n<p class=\"wp-block-paragraph\">Los desacuerdos vienen, principalmente, del ala conservadora de la C\u00e1mara Baja, donde congresistas como Dan Bishop, Chip Roy y Ken Buck expresaron que \u201cno les gustaba el acuerdo\u201d.<\/p>\n\n\n\n<figure class=\"wp-block-image size-large\"><img loading=\"lazy\" decoding=\"async\" width=\"1024\" height=\"576\" src=\"https:\/\/primermomento.com\/wp-content\/uploads\/2019\/10\/Camara-baja-eeuu-1024x576.jpg\" alt=\"\" class=\"wp-image-321828\" srcset=\"https:\/\/primermomento.com\/wp-content\/uploads\/2019\/10\/Camara-baja-eeuu-1024x576.jpg 1024w, https:\/\/primermomento.com\/wp-content\/uploads\/2019\/10\/Camara-baja-eeuu-300x169.jpg 300w, https:\/\/primermomento.com\/wp-content\/uploads\/2019\/10\/Camara-baja-eeuu-768x432.jpg 768w, https:\/\/primermomento.com\/wp-content\/uploads\/2019\/10\/Camara-baja-eeuu-478x270.jpg 478w, https:\/\/primermomento.com\/wp-content\/uploads\/2019\/10\/Camara-baja-eeuu-500x281.jpg 500w, https:\/\/primermomento.com\/wp-content\/uploads\/2019\/10\/Camara-baja-eeuu-280x158.jpg 280w, https:\/\/primermomento.com\/wp-content\/uploads\/2019\/10\/Camara-baja-eeuu-638x359.jpg 638w, https:\/\/primermomento.com\/wp-content\/uploads\/2019\/10\/Camara-baja-eeuu-118x66.jpg 118w, https:\/\/primermomento.com\/wp-content\/uploads\/2019\/10\/Camara-baja-eeuu-479x269.jpg 479w, https:\/\/primermomento.com\/wp-content\/uploads\/2019\/10\/Camara-baja-eeuu.jpg 1920w\" sizes=\"auto, (max-width: 1024px) 100vw, 1024px\" \/><\/figure>\n\n\n\n<p class=\"wp-block-paragraph\">\u201cLa conclusi\u00f3n es que Estados Unidos tendr\u00e1 una deuda de 35 billones de d\u00f3lares en enero de 2025. Eso es completamente inaceptable\u201d, tuite\u00f3 Buck.<\/p>\n\n\n\n<p class=\"wp-block-paragraph\">Mientras el Caucus de la Libertad, que a\u00fana a un grupo de conservadores de la C\u00e1mara, ha expresado en varias ocasiones que sus miembros quieren limitar el gasto discrecional general a los niveles del a\u00f1o fiscal 2022 durante 10 a\u00f1os y permitir un crecimiento del uno por ciento anual.<\/p>\n\n\n\n<p class=\"wp-block-paragraph\">Tambi\u00e9n, el expresidente Donald Trump (2017-2021) en una comparecencia en CNN a principios de este mes inst\u00f3 a los republicanos a permitir que la naci\u00f3n dejara de pagar su deuda a menos que el presidente Joe Biden aceptara recortes \u201cmasivos\u201d.<\/p>\n\n\n\n<p class=\"wp-block-paragraph\">Biden y el l\u00edder de la C\u00e1mara Kevin McCarthy anunciaron que llegaron a un acuerdo y que la publicaci\u00f3n del texto legislativo ser\u00e1 este domingo.<\/p>\n\n\n\n<p class=\"wp-block-paragraph\">De acuerdo con el diario The Hill, McCarthy dijo que a\u00fan queda trabajo por hacer y que m\u00e1s tarde este domingo espera publicar el texto legislativo y realizar una votaci\u00f3n en el pleno el mi\u00e9rcoles siguiente.<\/p>\n\n\n\n<p class=\"wp-block-paragraph\">Seg\u00fan los t\u00e9rminos del acuerdo, los republicanos acordaron extender la autoridad de endeudamiento del gobierno por dos a\u00f1os, empujando la amenaza de incumplimiento m\u00e1s all\u00e1 de las elecciones de 2024, como hab\u00eda exigido Biden, seg\u00fan The Hill.<\/p>\n\n\n\n<p class=\"wp-block-paragraph\">A cambio, la Casa Blanca acord\u00f3 congelar o aceptar peque\u00f1os recortes en el gasto que no sea de defensa para 2024, lo que podr\u00eda afectar los programas discrecionales favorecidos por los dem\u00f3cratas.<\/p>\n\n\n\n<p class=\"wp-block-paragraph\">El compromiso lleg\u00f3 tras 11 d\u00edas de tensas negociaciones entre McCarthy, Biden y sus legisladores designados para las negociaciones y fue alimentado por una advertencia del Departamento del Tesoro, emitida solo un d\u00eda antes, de que el gobierno se quedar\u00eda sin fondos para pagar todas sus obligaciones el 5 de junio.<\/p>\n\n\n\n<p class=\"wp-block-paragraph\">La propuesta a\u00fan enfrenta grandes barreras para su aprobaci\u00f3n, particularmente en la C\u00e1mara Baja, donde los conservadores no perdieron el tiempo en presentar el compromiso como una capitulaci\u00f3n de McCarthy ante Biden.<\/p>\n\n\n\n<p class=\"has-text-align-right wp-block-paragraph\"><em>PL<\/em><\/p>\n","protected":false},"excerpt":{"rendered":"<p>WASHINGTON, EEUU.- Republicanos de la C\u00e1mara de Representantes de Estados Unidos expresaron hoy cr\u00edticas sobre el acuerdo alcanzado para elevar el techo de la deuda y evitar un incumplimiento de pago de la naci\u00f3n. Los desacuerdos vienen, principalmente, del ala conservadora de la C\u00e1mara Baja, donde congresistas como Dan Bishop, Chip Roy y Ken Buck [&hellip;]<\/p>\n","protected":false},"author":1,"featured_media":321828,"comment_status":"open","ping_status":"open","sticky":false,"template":"","format":"video","meta":{"_bbp_topic_count":0,"_bbp_reply_count":0,"_bbp_total_topic_count":0,"_bbp_total_reply_count":0,"_bbp_voice_count":0,"_bbp_anonymous_reply_count":0,"_bbp_topic_count_hidden":0,"_bbp_reply_count_hidden":0,"_bbp_forum_subforum_count":0,"footnotes":""},"categories":[61,106],"tags":[],"class_list":["post-388470","post","type-post","status-publish","format-video","has-post-thumbnail","category-mundo","category-video-news","post_format-post-format-video"],"_links":{"self":[{"href":"https:\/\/primermomento.com\/index.php?rest_route=\/wp\/v2\/posts\/388470","targetHints":{"allow":["GET"]}}],"collection":[{"href":"https:\/\/primermomento.com\/index.php?rest_route=\/wp\/v2\/posts"}],"about":[{"href":"https:\/\/primermomento.com\/index.php?rest_route=\/wp\/v2\/types\/post"}],"author":[{"embeddable":true,"href":"https:\/\/primermomento.com\/index.php?rest_route=\/wp\/v2\/users\/1"}],"replies":[{"embeddable":true,"href":"https:\/\/primermomento.com\/index.php?rest_route=%2Fwp%2Fv2%2Fcomments&post=388470"}],"version-history":[{"count":2,"href":"https:\/\/primermomento.com\/index.php?rest_route=\/wp\/v2\/posts\/388470\/revisions"}],"predecessor-version":[{"id":388475,"href":"https:\/\/primermomento.com\/index.php?rest_route=\/wp\/v2\/posts\/388470\/revisions\/388475"}],"wp:featuredmedia":[{"embeddable":true,"href":"https:\/\/primermomento.com\/index.php?rest_route=\/wp\/v2\/media\/321828"}],"wp:attachment":[{"href":"https:\/\/primermomento.com\/index.php?rest_route=%2Fwp%2Fv2%2Fmedia&parent=388470"}],"wp:term":[{"taxonomy":"category","embeddable":true,"href":"https:\/\/primermomento.com\/index.php?rest_route=%2Fwp%2Fv2%2Fcategories&post=388470"},{"taxonomy":"post_tag","embeddable":true,"href":"https:\/\/primermomento.com\/index.php?rest_route=%2Fwp%2Fv2%2Ftags&post=388470"}],"curies":[{"name":"wp","href":"https:\/\/api.w.org\/{rel}","templated":true}]}}