{"id":388508,"date":"2023-05-28T20:30:00","date_gmt":"2023-05-29T00:30:00","guid":{"rendered":"https:\/\/primermomento.com\/?p=388508"},"modified":"2023-05-28T20:35:02","modified_gmt":"2023-05-29T00:35:02","slug":"feda-dice-los-jovenes-tienen-la-oportunidad-de-convertirse-en-emprendedores-con-el-apoyo-del-presidente-abinader","status":"publish","type":"post","link":"https:\/\/primermomento.com\/?p=388508","title":{"rendered":"FEDA dice que los j\u00f3venes tienen oportunidad de ser emprendedores con apoyo de Abinader"},"content":{"rendered":"\n<p class=\"wp-block-paragraph\">SANTO DOMINGO, Rep\u00fablica Dominicana.- El director del Fondo Especial para el Desarrollo Agropecuario (FEDA), Hecmilio Galv\u00e1n, afirm\u00f3 a j\u00f3venes de Puerto Plata que con el Programa Agropecuario del Ma\u00f1ana \u201cEmprendeRD\u201d, tienen la oportunidad de convertirse en emprendedores y despu\u00e9s en empresarios, para lo cual le asegur\u00f3 que cuentan con el apoyo del gobierno que encabeza el presidente Luis Abinader.<\/p>\n\n\n\n<p class=\"wp-block-paragraph\">En un acto con centenares de j\u00f3venes, realizado en el&nbsp; local New York Ranch, de Puerto Plata,&nbsp; el FEDA don\u00f3 a los presentes insumos para el inicio de sus proyectos de cacao, ovinocaprinos, chinola, lim\u00f3n y de ganader\u00eda valorados en 7 millones de pesos.<\/p>\n\n\n<div class=\"wp-block-image\">\n<figure class=\"aligncenter size-full\"><img loading=\"lazy\" decoding=\"async\" width=\"528\" height=\"353\" src=\"https:\/\/primermomento.com\/wp-content\/uploads\/2023\/05\/Foto-26-5-23-1.jpg\" alt=\"\" class=\"wp-image-388522\" srcset=\"https:\/\/primermomento.com\/wp-content\/uploads\/2023\/05\/Foto-26-5-23-1.jpg 528w, https:\/\/primermomento.com\/wp-content\/uploads\/2023\/05\/Foto-26-5-23-1-300x201.jpg 300w\" sizes=\"auto, (max-width: 528px) 100vw, 528px\" \/><\/figure>\n<\/div>\n\n\n<p class=\"wp-block-paragraph\">Cada joven beneficiario recibi\u00f3, dos chivas, 150 plantas de coco, 1500 plantas de cacao, 25 pollitas ponedoras, 5 conejos, kits de orde\u00f1o, entre otros.<\/p>\n\n\n\n<p class=\"wp-block-paragraph\">Galv\u00e1n exhort\u00f3 a la juventud a trillar el camino del progreso con el trabajo honesto para el bienestar de sus familias y del pa\u00eds y manifest\u00f3 que el gobierno los acompa\u00f1ar\u00e1 en sus emprendimientos.<\/p>\n\n\n\n<p class=\"wp-block-paragraph\">\u201cVinimos a decirles que no est\u00e1n solos y que le trajimos una peque\u00f1a donaci\u00f3n, que es tal vez la motivaci\u00f3n que necesitaban para saber que creemos en ustedes y ustedes tienen que creer en ustedes\u201d, afirm\u00f3 el funcionario.<\/p>\n\n\n\n<p class=\"wp-block-paragraph\">Agreg\u00f3 que con este comienzo del programa en Puerto Plata y que los j\u00f3venes van a seguir adelante y con el respaldo para la determinaci\u00f3n de convertirse en emprendedores y empresarios con su propio esfuerzo y la ayuda del presidente Abinader.&nbsp;<\/p>\n\n\n\n<p class=\"wp-block-paragraph\">Galv\u00e1n se\u00f1al\u00f3 que en la provincia de Puerto Plata el proyecto va a tener dos fases, la primera va a beneficiar a m\u00e1s de 300 j\u00f3venes y en la segunda ser\u00e1 aumentada a 700.<\/p>\n\n\n\n<p class=\"wp-block-paragraph\">Record\u00f3 que m\u00e1s del 60% de la poblaci\u00f3n dominicana tiene menos de 35 a\u00f1os de edad, y a los j\u00f3venes se les va a entregar un capital semilla para que inicien sus proyectos.<\/p>\n\n\n\n<p class=\"wp-block-paragraph\">En la actividad estuvieron presentes, Endry Gonz\u00e1lez, viceministro de la Juventud, y Rub\u00e9n Lulo, subdirector del FEDA; Francisco Fern\u00e1ndez, coordinador de los regionales-provinciales; Rosendo Rodr\u00edguez, Regional, y Bienvenido Repol, Provincial del FEDA.<\/p>\n\n\n\n<p class=\"wp-block-paragraph\"><strong>Objetivo del programa<\/strong><\/p>\n\n\n\n<p class=\"wp-block-paragraph\">&nbsp;\u201cAgropecuarios del Ma\u00f1ana\u201d, lanzado por el presidente Abinader en San Juan, el 14 de enero \u00faltimo, busca organizar a los j\u00f3venes l\u00edderes del pa\u00eds en todas las provincias y formar para capitalizar un relevo social para el pa\u00eds.<\/p>\n\n\n\n<p class=\"wp-block-paragraph\">El impacto a los j\u00f3venes ser\u00e1 con la donaci\u00f3n de capital semilla, microcr\u00e9ditos, asesor\u00edas t\u00e9cnicas, formaci\u00f3n t\u00e9cnico-profesional, becas educativas, coaching y actividades culturales, cuyos intereses sean llevar sus emprendurismos en una l\u00ednea empresarial dentro de la gama de crianza y producci\u00f3n agropecuaria.<\/p>\n\n\n\n<p class=\"wp-block-paragraph\">Con esta iniciativa se busca impulsar la superaci\u00f3n de los j\u00f3venes dominicanos ofertando oportunidades de crecimiento personal en las \u00e1reas de emprendimientos econ\u00f3micos, capacitaci\u00f3n, asistencia t\u00e9cnica formaci\u00f3n t\u00e9cnico profesional, deporte, cultura y otros.<\/p>\n\n\n\n<p class=\"wp-block-paragraph\">Por esta v\u00eda, se fomentar\u00e1 la de recursos t\u00e9cnicos y financieros que permitir\u00e1n la inserci\u00f3n en la vida profesional y al flujo econ\u00f3mico en cada comunidad beneficiada.<\/p>\n","protected":false},"excerpt":{"rendered":"<p>SANTO DOMINGO, Rep\u00fablica Dominicana.- El director del Fondo Especial para el Desarrollo Agropecuario (FEDA), Hecmilio Galv\u00e1n, afirm\u00f3 a j\u00f3venes de Puerto Plata que con el Programa Agropecuario del Ma\u00f1ana \u201cEmprendeRD\u201d, tienen la oportunidad de convertirse en emprendedores y despu\u00e9s en empresarios, para lo cual le asegur\u00f3 que cuentan con el apoyo del gobierno que encabeza [&hellip;]<\/p>\n","protected":false},"author":1,"featured_media":388509,"comment_status":"open","ping_status":"open","sticky":false,"template":"","format":"video","meta":{"_bbp_topic_count":0,"_bbp_reply_count":0,"_bbp_total_topic_count":0,"_bbp_total_reply_count":0,"_bbp_voice_count":0,"_bbp_anonymous_reply_count":0,"_bbp_topic_count_hidden":0,"_bbp_reply_count_hidden":0,"_bbp_forum_subforum_count":0,"footnotes":""},"categories":[30,106],"tags":[],"class_list":["post-388508","post","type-post","status-publish","format-video","has-post-thumbnail","category-actualidad","category-video-news","post_format-post-format-video"],"_links":{"self":[{"href":"https:\/\/primermomento.com\/index.php?rest_route=\/wp\/v2\/posts\/388508","targetHints":{"allow":["GET"]}}],"collection":[{"href":"https:\/\/primermomento.com\/index.php?rest_route=\/wp\/v2\/posts"}],"about":[{"href":"https:\/\/primermomento.com\/index.php?rest_route=\/wp\/v2\/types\/post"}],"author":[{"embeddable":true,"href":"https:\/\/primermomento.com\/index.php?rest_route=\/wp\/v2\/users\/1"}],"replies":[{"embeddable":true,"href":"https:\/\/primermomento.com\/index.php?rest_route=%2Fwp%2Fv2%2Fcomments&post=388508"}],"version-history":[{"count":4,"href":"https:\/\/primermomento.com\/index.php?rest_route=\/wp\/v2\/posts\/388508\/revisions"}],"predecessor-version":[{"id":388524,"href":"https:\/\/primermomento.com\/index.php?rest_route=\/wp\/v2\/posts\/388508\/revisions\/388524"}],"wp:featuredmedia":[{"embeddable":true,"href":"https:\/\/primermomento.com\/index.php?rest_route=\/wp\/v2\/media\/388509"}],"wp:attachment":[{"href":"https:\/\/primermomento.com\/index.php?rest_route=%2Fwp%2Fv2%2Fmedia&parent=388508"}],"wp:term":[{"taxonomy":"category","embeddable":true,"href":"https:\/\/primermomento.com\/index.php?rest_route=%2Fwp%2Fv2%2Fcategories&post=388508"},{"taxonomy":"post_tag","embeddable":true,"href":"https:\/\/primermomento.com\/index.php?rest_route=%2Fwp%2Fv2%2Ftags&post=388508"}],"curies":[{"name":"wp","href":"https:\/\/api.w.org\/{rel}","templated":true}]}}