{"id":388662,"date":"2023-05-30T07:11:00","date_gmt":"2023-05-30T11:11:00","guid":{"rendered":"https:\/\/primermomento.com\/?p=388662"},"modified":"2023-05-30T09:15:53","modified_gmt":"2023-05-30T13:15:53","slug":"guitarra-se-escucho-tierna-e-intensa-en-ix-festival-ethos-en-centro-cultural-banreservas","status":"publish","type":"post","link":"https:\/\/primermomento.com\/?p=388662","title":{"rendered":"Guitarra se escuch\u00f3 tierna e intensa en\u00a0IX Festival\u00a0 Ethos, en Centro Cultural Banreservas"},"content":{"rendered":"\n<ul class=\"wp-block-list\">\n<li><strong>El IX Festival de Guitarra Ethos mostr\u00f3 durante tres d\u00edas el talento de maestros y estudiantes de la m\u00fasica de la guitarra en su m\u00e1xima expresi\u00f3n.<\/strong><\/li>\n<\/ul>\n\n\n\n<p class=\"wp-block-paragraph\">SANTO DOMINGO, Rep\u00fablica Dominicana.- El Centro Cultural Banreservas culmin\u00f3 con \u00e9xito art\u00edstico y de p\u00fablico, el IX Festival de Guitarra Ethos 2023, logrando el disfrute del armonioso, tierno e intenso sonar de las cuerdas de la guitarra cl\u00e1sica, en interpretaci\u00f3n de maestros, solistas y estudiantes, desde el jueves 25 hasta el s\u00e1bado 27.<\/p>\n\n\n\n<p class=\"wp-block-paragraph\">El Festival, creado por el maestro cubano Rub\u00e9n Gonz\u00e1lez \u00c1vila, profesor del Conservatorio Nacional de M\u00fasica, fue un viaje por el disfrute de la m\u00fasica y el conocimiento de la historia del instrumento, sobre todo a partir de la biograf\u00eda del compositor cubano Leo Brouwer, quien revolucion\u00f3 la forma tradicional de crear piezas para el instrumento.<\/p>\n\n\n\n<p class=\"wp-block-paragraph\">El Centro Cultural Banreservas consider\u00f3 en una declaraci\u00f3n que con el IX Festival de Guitarra Ethos, se ha logrado poner en valor el arte musical a partir de este instrumento y el empe\u00f1o y talento de maestros y estudiantes de la m\u00fasica que emana de las cuerdas.&nbsp;<\/p>\n\n\n\n<p class=\"wp-block-paragraph\">Mijail Peralta Rodr\u00edguez, gerente de Cultura, record\u00f3 que sigue abierta la exposici\u00f3n Cayuco&nbsp;El fin \u00faltimo de las cosas, de esculturas con la obra de este artista y que puede ser visitada todos los d\u00edas en la galer\u00eda Ada Balc\u00e1cer, del Centro Cultural Banreservas.<\/p>\n\n\n\n<p class=\"wp-block-paragraph\">Durante el festival el p\u00fablico disfrut\u00f3 de piezas de Leo Brouwer, Eduardo Mart\u00edn de Cuba Francisco Tarrega y Paco de Luc\u00eda, de Espa\u00f1a, Edin Sol\u00eds de Costa Rica, y de Rep\u00fablica Dominicana, Juan Francisco Garc\u00eda, Excier Rodriguez, Juan Francisco Ord\u00f3\u00f1ez, Luis D\u00edaz y Felipe B\u00e1ez.<\/p>\n\n\n\n<p class=\"wp-block-paragraph\">El festival fue inaugurado el jueves 25, presentado por Mijail Peralta Rodr\u00edguez, gerente de cultura Banreservas, con un concierto del maestro Gonz\u00e1lez \u00c1vila, formador de guitarristas dominicanos durante tres d\u00e9cadas.<\/p>\n\n\n\n<p class=\"wp-block-paragraph\">El docente e instrumentista dominico-cubano ejecut\u00f3, entre otras piezas&nbsp;Cadencia y Romance (P. Bellinat y Smirnov),&nbsp;Estudio No. 2 (Francisco Mignone), Nocturno (Slavko Fumic), The Old Lime Tree (Sergey Rudnev) y &nbsp;&nbsp;Gran Jota Aragonesa (Francisco Tarrega), An Idea&nbsp;(Leo Brouwer) y el Vals Sencillo&nbsp;(Rafael Bullumba Landestoy (EPD).<\/p>\n\n\n\n<p class=\"wp-block-paragraph\">Otras piezas que interpret\u00f3 Gonz\u00e1lez&nbsp;\u00c1vila fueron:&nbsp;(Suite del Recuerdo, de Jos\u00e9 Luis Merl\u00edn), My Gentle Harp, de Thomas Moor, Drama Koprusu, canci\u00f3n folcl\u00f3rica turca an\u00f3nima y Suite Koyunbaba, de Carlo Domeniconi.&nbsp;Al final, fue rotundo y expresivo el aplauso del p\u00fablico, integrado por profesores y estudiantes de m\u00fasica (en especial de este instrumento de cuerdas.<\/p>\n\n\n\n<p class=\"wp-block-paragraph\">Gonz\u00e1lez \u00c1vila es un artista que se mete en su instrumento, canta interiormente su ejecuci\u00f3n (sostiene que tocar guitarra es cantar). El programa estuvo disponible en un C\u00f3digo QR, modalidad que facilita la informaci\u00f3n sin usar papel desechable.<\/p>\n\n\n\n<p class=\"wp-block-paragraph\">El viernes 26, el programa inici\u00f3 con clases guiadas a estudiantes de guitarra. Desde La Romana llegaron 10 estudiantes, con sus instrumentos, procedentes de la Escuela de Innovaci\u00f3n de B\u00e1varo (B\u00e1varo Innovation School), dirigida por el profesor venezolano William Farinas.<\/p>\n\n\n\n<p class=\"wp-block-paragraph\">En la agenda, iniciada a las tres de la tarde, se incluy\u00f3 una actuaci\u00f3n especial, para fines docentes, de Sahyra Reynoso, residente en Las Palmas de Herrera, y que estudia Arpa, canto y guitarra cl\u00e1sica en el Conservatorio Nacional de M\u00fasica, igual que sus otros tres hermanos varones.<\/p>\n\n\n\n<p class=\"wp-block-paragraph\">A las cinco y treinta, el profesor Diego M\u00e9ndez ofrece una conferencia ilustrada con m\u00fasica en torno a la&nbsp;\u201cLa t\u00e9cnica guitarr\u00edstica en la obra de Leo Brouwer\u201d, compositor y guitarrista cubano, considerado una figura ya cl\u00e1sica por haber revolucionado la manera de componer m\u00fasica para las cuerdas.<\/p>\n\n\n\n<p class=\"wp-block-paragraph\">Luego de la disertaci\u00f3n y un descanso para el p\u00fablico, se ofreci\u00f3 un concierto de guitarra a cargo de los instrumentistas&nbsp;Emmanuel Roque y Flavia N\u00fa\u00f1ez y Blades Pe\u00f1a y el Cuarteto de Cuerdas.<\/p>\n\n\n\n<p class=\"wp-block-paragraph\">El s\u00e1bado 27 se culmin\u00f3 con un concierto \u00a0de Diego M\u00e9ndez, Felipe Baaz, Edgar Molina, Emmanuel Roque y Rub\u00e9n\u00a0Gonz\u00e1lez, quienes interpretaron piezas de Leo Brouwer, Eduardo Mart\u00edn (ambos de Cuba), Francisco Tarrega y Paco de Luc\u00eda, de Espa\u00f1a, Edin Sol\u00eds, de Costa Rica y del pa\u00eds, piezas de Juan Francisco Ord\u00f3\u00f1ez, Excier Rodr\u00edguez, Luis D\u00edaz y Felipe B\u00e1ez.<\/p>\n\n\n\n<p class=\"has-text-align-right wp-block-paragraph\"><em>Servicio de Prensa<\/em><\/p>\n","protected":false},"excerpt":{"rendered":"<p>SANTO DOMINGO, Rep\u00fablica Dominicana.- El Centro Cultural Banreservas culmin\u00f3 con \u00e9xito art\u00edstico y de p\u00fablico, el IX Festival de Guitarra Ethos 2023, logrando el disfrute del armonioso, tierno e intenso sonar de las cuerdas de la guitarra cl\u00e1sica, en interpretaci\u00f3n de maestros, solistas y estudiantes, desde el jueves 25 hasta el s\u00e1bado 27. El Festival, [&hellip;]<\/p>\n","protected":false},"author":1,"featured_media":388663,"comment_status":"open","ping_status":"open","sticky":false,"template":"","format":"standard","meta":{"_bbp_topic_count":0,"_bbp_reply_count":0,"_bbp_total_topic_count":0,"_bbp_total_reply_count":0,"_bbp_voice_count":0,"_bbp_anonymous_reply_count":0,"_bbp_topic_count_hidden":0,"_bbp_reply_count_hidden":0,"_bbp_forum_subforum_count":0,"footnotes":""},"categories":[39],"tags":[],"class_list":["post-388662","post","type-post","status-publish","format-standard","has-post-thumbnail","category-entretenimiento"],"_links":{"self":[{"href":"https:\/\/primermomento.com\/index.php?rest_route=\/wp\/v2\/posts\/388662","targetHints":{"allow":["GET"]}}],"collection":[{"href":"https:\/\/primermomento.com\/index.php?rest_route=\/wp\/v2\/posts"}],"about":[{"href":"https:\/\/primermomento.com\/index.php?rest_route=\/wp\/v2\/types\/post"}],"author":[{"embeddable":true,"href":"https:\/\/primermomento.com\/index.php?rest_route=\/wp\/v2\/users\/1"}],"replies":[{"embeddable":true,"href":"https:\/\/primermomento.com\/index.php?rest_route=%2Fwp%2Fv2%2Fcomments&post=388662"}],"version-history":[{"count":1,"href":"https:\/\/primermomento.com\/index.php?rest_route=\/wp\/v2\/posts\/388662\/revisions"}],"predecessor-version":[{"id":388664,"href":"https:\/\/primermomento.com\/index.php?rest_route=\/wp\/v2\/posts\/388662\/revisions\/388664"}],"wp:featuredmedia":[{"embeddable":true,"href":"https:\/\/primermomento.com\/index.php?rest_route=\/wp\/v2\/media\/388663"}],"wp:attachment":[{"href":"https:\/\/primermomento.com\/index.php?rest_route=%2Fwp%2Fv2%2Fmedia&parent=388662"}],"wp:term":[{"taxonomy":"category","embeddable":true,"href":"https:\/\/primermomento.com\/index.php?rest_route=%2Fwp%2Fv2%2Fcategories&post=388662"},{"taxonomy":"post_tag","embeddable":true,"href":"https:\/\/primermomento.com\/index.php?rest_route=%2Fwp%2Fv2%2Ftags&post=388662"}],"curies":[{"name":"wp","href":"https:\/\/api.w.org\/{rel}","templated":true}]}}