{"id":388672,"date":"2023-05-30T11:57:53","date_gmt":"2023-05-30T15:57:53","guid":{"rendered":"https:\/\/primermomento.com\/?p=388672"},"modified":"2023-05-30T12:08:52","modified_gmt":"2023-05-30T16:08:52","slug":"venezuela-y-brasil-buscan-integracion-regional-latinoamericana","status":"publish","type":"post","link":"https:\/\/primermomento.com\/?p=388672","title":{"rendered":"Venezuela y Brasil buscan integraci\u00f3n regional latinoamericana"},"content":{"rendered":"\n<p class=\"wp-block-paragraph\">CARACAAS, Venezuela.- La reuni\u00f3n entre el presidente de Venezuela, Nicol\u00e1s Maduro, y su par de Brasil, Luiz In\u00e1cio Lula da Silva, abri\u00f3 de nuevo la esperanza de la integraci\u00f3n entre los dos pa\u00edses y la regi\u00f3n latinoamericana.<\/p>\n\n\n\n<p class=\"wp-block-paragraph\">Tras ocho a\u00f1os sin visitar el gigante sudamericano, el mandatario bolivariano arrib\u00f3 el domingo a Brasilia en visita oficial en el contexto del restablecimiento de las relaciones diplom\u00e1ticas, interrumpidas por cuatro a\u00f1os, y la celebraci\u00f3n hoy de la reuni\u00f3n con 11 de los gobernantes sudamericanos.<\/p>\n\n\n<div class=\"wp-block-image\">\n<figure class=\"aligncenter size-large\"><img loading=\"lazy\" decoding=\"async\" width=\"1024\" height=\"683\" src=\"https:\/\/primermomento.com\/wp-content\/uploads\/2023\/05\/Lula-y-Maduro-1-1024x683.jpg\" alt=\"\" class=\"wp-image-388675\" srcset=\"https:\/\/primermomento.com\/wp-content\/uploads\/2023\/05\/Lula-y-Maduro-1-1024x683.jpg 1024w, https:\/\/primermomento.com\/wp-content\/uploads\/2023\/05\/Lula-y-Maduro-1-300x200.jpg 300w, https:\/\/primermomento.com\/wp-content\/uploads\/2023\/05\/Lula-y-Maduro-1-768x512.jpg 768w, https:\/\/primermomento.com\/wp-content\/uploads\/2023\/05\/Lula-y-Maduro-1-696x464.jpg 696w, https:\/\/primermomento.com\/wp-content\/uploads\/2023\/05\/Lula-y-Maduro-1-1068x712.jpg 1068w, https:\/\/primermomento.com\/wp-content\/uploads\/2023\/05\/Lula-y-Maduro-1.jpg 1080w\" sizes=\"auto, (max-width: 1024px) 100vw, 1024px\" \/><\/figure>\n<\/div>\n\n\n<p class=\"wp-block-paragraph\">La expresi\u00f3n de Maduro de que \u201cojal\u00e1 m\u00e1s nunca nadie cierre las puertas entre Brasil y Venezuela, y juntos podamos afrontar las tareas, los desaf\u00edos y los caminos del desarrollo compartido, y estar unidos de aqu\u00ed en lo adelante y para siempre\u201d, sintetiz\u00f3 el sentir y la voluntad de recuperar lo retrocedido en todos los \u00e1mbitos.<\/p>\n\n\n\n<p class=\"wp-block-paragraph\">M\u00e1s all\u00e1 de la voluntad com\u00fan de avanzar en los v\u00ednculos bilaterales, en la nueva \u00e9poca de relaciones que se abre, los mandatarios se proyectaron por reconstruir la unidad y la integraci\u00f3n en la regi\u00f3n.<\/p>\n\n\n\n<p class=\"wp-block-paragraph\">Como dijo Maduro, en el caso de Venezuela esta estuvo signada por lo que llam\u00f3 \u201cla ideologizaci\u00f3n extrema de las relaciones internacionales\u00bb, un fen\u00f3meno de aplicaci\u00f3n de f\u00f3rmulas extremistas hacia la derecha para calificar las relaciones, subdividirlas y atropellarlas, explic\u00f3.<\/p>\n\n\n\n<p class=\"wp-block-paragraph\">Asever\u00f3 que a su pa\u00eds le fueron cerradas todas las puertas de las relaciones financieras, econ\u00f3micas, comerciales, culturales, pol\u00edticas y diplom\u00e1ticas, y se intent\u00f3 desde otros gobiernos, imponerles a los venezolanos un \u201cGobierno inexistente\u201d, en referencia al opositor Juan Guaid\u00f3.<\/p>\n\n\n\n<p class=\"wp-block-paragraph\">El presidente venezolano reflexion\u00f3 sobre el actual contexto global y el impacto del grupo Brics (Brasil, Rusia, India, China y Sud\u00e1frica) y destac\u00f3 que ese mundo que se va dibujando amerita una Am\u00e9rica del Sur unida en su diversidad ideol\u00f3gica y pol\u00edtica.<\/p>\n\n\n\n<p class=\"wp-block-paragraph\">Agreg\u00f3 que no pueden dejarse imponer las ideolog\u00edas intolerantes, excluyentes y extremistas, o \u201cpiensas como yo o no est\u00e1s con nosotros, o te vas de aqu\u00ed\u201d, expres\u00f3.<\/p>\n\n\n\n<p class=\"wp-block-paragraph\">Eso es una \u201cideolog\u00eda intolerante, extremista y excluyente\u201d y sobre esa base jam\u00e1s se podr\u00e1 construir la uni\u00f3n en la necesaria diversidad de nuestra Am\u00e9rica, enfatiz\u00f3.<\/p>\n\n\n\n<p class=\"wp-block-paragraph\">A su juicio, hoy est\u00e1 planteado que \u201ctodos estemos unidos\u201d, nos respetemos e imponga la cultura del di\u00e1logo y aprender a escuchar, para \u201cavanzar en los grandes temas\u201d del desarrollo com\u00fan y de la defensa del medioambiente.<\/p>\n\n\n\n<p class=\"wp-block-paragraph\">Pregunt\u00f3 cu\u00e1ntos temas de inter\u00e9s com\u00fan importantes tenemos como el del desarrollo social, de un sistema de salud p\u00fablica que funcione en todo el continente, de la seguridad alimentaria y energ\u00e9tica, del desarrollo de una independencia y monetaria que necesita la regi\u00f3n.<\/p>\n\n\n\n<p class=\"wp-block-paragraph\">El jefe de Estado bolivariano llam\u00f3 a construir una nueva geopol\u00edtica que tenga como componentes fundamentales la \u201cuni\u00f3n de Sudam\u00e9rica y de nuestra Am\u00e9rica\u201d en la diversidad.<\/p>\n\n\n\n<p class=\"wp-block-paragraph\">Lula adelant\u00f3 algunos de los ejes que este martes sus hom\u00f3logos sudamericanos tratar\u00e1n en la reuni\u00f3n convocada por \u00e9l y se\u00f1al\u00f3 que la tarea program\u00e1tica es construir nuevos destinos entre los pa\u00edses de la regi\u00f3n en \u00e1reas como la integraci\u00f3n, el desarrollo econ\u00f3mico y social.<\/p>\n\n\n\n<p class=\"wp-block-paragraph\">Tenemos que reunirnos para discutir si queremos seguir siendo lo que somos, de la talla que somos o si queremos ser m\u00e1s fuertes, \u201cformar un bloque para negociar con m\u00e1s fuerza y con muchas m\u00e1s posibilidades de vencer\u201d, expres\u00f3 en referencia a ese encuentro.<\/p>\n\n\n\n<p class=\"wp-block-paragraph\">El mandatario brasile\u00f1o incit\u00f3 a la necesidad de la uni\u00f3n y la cooperaci\u00f3n para afrontar los retos y desaf\u00edos que impone un nuevo orden en las relaciones pol\u00edticas, sociales, econ\u00f3micas y culturales de Sudam\u00e9rica.<\/p>\n\n\n\n<p class=\"wp-block-paragraph\">Remarc\u00f3 que Sudam\u00e9rica se tiene que convencer de que necesita trabajar como si fuese un bloque, no podemos creer que cada pa\u00eds por s\u00ed solo logre solucionar sus propios problemas que ya tienen 500 a\u00f1os, expuso.<\/p>\n\n\n\n<p class=\"has-text-align-right wp-block-paragraph\"><em>PL<\/em><\/p>\n","protected":false},"excerpt":{"rendered":"<p>CARACAAS, Venezuela.- La reuni\u00f3n entre el presidente de Venezuela, Nicol\u00e1s Maduro, y su par de Brasil, Luiz In\u00e1cio Lula da Silva, abri\u00f3 de nuevo la esperanza de la integraci\u00f3n entre los dos pa\u00edses y la regi\u00f3n latinoamericana. Tras ocho a\u00f1os sin visitar el gigante sudamericano, el mandatario bolivariano arrib\u00f3 el domingo a Brasilia en visita [&hellip;]<\/p>\n","protected":false},"author":1,"featured_media":388673,"comment_status":"open","ping_status":"open","sticky":false,"template":"","format":"video","meta":{"_bbp_topic_count":0,"_bbp_reply_count":0,"_bbp_total_topic_count":0,"_bbp_total_reply_count":0,"_bbp_voice_count":0,"_bbp_anonymous_reply_count":0,"_bbp_topic_count_hidden":0,"_bbp_reply_count_hidden":0,"_bbp_forum_subforum_count":0,"footnotes":""},"categories":[61,106],"tags":[],"class_list":["post-388672","post","type-post","status-publish","format-video","has-post-thumbnail","category-mundo","category-video-news","post_format-post-format-video"],"_links":{"self":[{"href":"https:\/\/primermomento.com\/index.php?rest_route=\/wp\/v2\/posts\/388672","targetHints":{"allow":["GET"]}}],"collection":[{"href":"https:\/\/primermomento.com\/index.php?rest_route=\/wp\/v2\/posts"}],"about":[{"href":"https:\/\/primermomento.com\/index.php?rest_route=\/wp\/v2\/types\/post"}],"author":[{"embeddable":true,"href":"https:\/\/primermomento.com\/index.php?rest_route=\/wp\/v2\/users\/1"}],"replies":[{"embeddable":true,"href":"https:\/\/primermomento.com\/index.php?rest_route=%2Fwp%2Fv2%2Fcomments&post=388672"}],"version-history":[{"count":2,"href":"https:\/\/primermomento.com\/index.php?rest_route=\/wp\/v2\/posts\/388672\/revisions"}],"predecessor-version":[{"id":388677,"href":"https:\/\/primermomento.com\/index.php?rest_route=\/wp\/v2\/posts\/388672\/revisions\/388677"}],"wp:featuredmedia":[{"embeddable":true,"href":"https:\/\/primermomento.com\/index.php?rest_route=\/wp\/v2\/media\/388673"}],"wp:attachment":[{"href":"https:\/\/primermomento.com\/index.php?rest_route=%2Fwp%2Fv2%2Fmedia&parent=388672"}],"wp:term":[{"taxonomy":"category","embeddable":true,"href":"https:\/\/primermomento.com\/index.php?rest_route=%2Fwp%2Fv2%2Fcategories&post=388672"},{"taxonomy":"post_tag","embeddable":true,"href":"https:\/\/primermomento.com\/index.php?rest_route=%2Fwp%2Fv2%2Ftags&post=388672"}],"curies":[{"name":"wp","href":"https:\/\/api.w.org\/{rel}","templated":true}]}}