{"id":388693,"date":"2023-05-30T16:48:59","date_gmt":"2023-05-30T20:48:59","guid":{"rendered":"https:\/\/primermomento.com\/?p=388693"},"modified":"2023-05-30T16:49:00","modified_gmt":"2023-05-30T20:49:00","slug":"rusia-responderia-con-dureza-a-ataques-terroristas-de-kiev","status":"publish","type":"post","link":"https:\/\/primermomento.com\/?p=388693","title":{"rendered":"Rusia responder\u00eda con dureza a ataques terroristas de Kiev"},"content":{"rendered":"\n<p class=\"wp-block-paragraph\">MOSC\u00da, Rusia.- Mosc\u00fa se reserva el derecho a adoptar las medidas m\u00e1s duras en respuesta a los atentados terroristas de Kiev, se\u00f1al\u00f3 hoy el Ministerio de Asuntos Exteriores de Rusia en un comunicado.<\/p>\n\n\n\n<p class=\"wp-block-paragraph\">Seg\u00fan el documento de la Canciller\u00eda, \u201cla parte rusa se reserva el derecho a tomar acciones de respuesta a los ataques planeados y realizados por el r\u00e9gimen neonazi de Kiev que convirti\u00f3 el uso de acciones de terror en una pr\u00e1ctica macabra\u201d.<\/p>\n\n\n\n<figure class=\"wp-block-image size-full\"><img loading=\"lazy\" decoding=\"async\" width=\"792\" height=\"446\" src=\"https:\/\/primermomento.com\/wp-content\/uploads\/2023\/05\/guerra-rusa-ucrania-1.jpg\" alt=\"\" class=\"wp-image-388695\" srcset=\"https:\/\/primermomento.com\/wp-content\/uploads\/2023\/05\/guerra-rusa-ucrania-1.jpg 792w, https:\/\/primermomento.com\/wp-content\/uploads\/2023\/05\/guerra-rusa-ucrania-1-300x169.jpg 300w, https:\/\/primermomento.com\/wp-content\/uploads\/2023\/05\/guerra-rusa-ucrania-1-768x432.jpg 768w, https:\/\/primermomento.com\/wp-content\/uploads\/2023\/05\/guerra-rusa-ucrania-1-696x392.jpg 696w\" sizes=\"auto, (max-width: 792px) 100vw, 792px\" \/><\/figure>\n\n\n\n<p class=\"wp-block-paragraph\">Sus representantes desde hace mucho y de manera abierta llamaban a llevar a cabo golpes de venganza contra Mosc\u00fa. Estos ataques no tienen ning\u00fan sentido militar. Al parecer, estaban dirigidos exclusivamente contra la poblaci\u00f3n civil para sembrar el p\u00e1nico, consta en el comunicado del ente de exteriores.<\/p>\n\n\n\n<p class=\"wp-block-paragraph\">Igualmente, recuerda que el apoyo occidental a Kiev empuja a los dirigentes ucranianos a cometer actos criminales cada vez m\u00e1s imprudentes, incluidas acciones terroristas, violaciones del derecho internacional humanitario y cr\u00edmenes de guerra, reza el documento.<\/p>\n\n\n\n<p class=\"wp-block-paragraph\">\u00abLas garant\u00edas de los responsables de la Organizaci\u00f3n del Tratado del Atl\u00e1ntico Norte (OTAN) de que el r\u00e9gimen de Kiev no lanzar\u00e1 ataques en el interior del territorio ruso resultan ser absolutamente hip\u00f3critas\u00bb, subray\u00f3 Mosc\u00fa.<\/p>\n\n\n\n<p class=\"has-text-align-right wp-block-paragraph\"><em>PL<\/em><\/p>\n","protected":false},"excerpt":{"rendered":"<p>MOSC\u00da, Rusia.- Mosc\u00fa se reserva el derecho a adoptar las medidas m\u00e1s duras en respuesta a los atentados terroristas de Kiev, se\u00f1al\u00f3 hoy el Ministerio de Asuntos Exteriores de Rusia en un comunicado. Seg\u00fan el documento de la Canciller\u00eda, \u201cla parte rusa se reserva el derecho a tomar acciones de respuesta a los ataques planeados [&hellip;]<\/p>\n","protected":false},"author":1,"featured_media":388694,"comment_status":"open","ping_status":"open","sticky":false,"template":"","format":"video","meta":{"_bbp_topic_count":0,"_bbp_reply_count":0,"_bbp_total_topic_count":0,"_bbp_total_reply_count":0,"_bbp_voice_count":0,"_bbp_anonymous_reply_count":0,"_bbp_topic_count_hidden":0,"_bbp_reply_count_hidden":0,"_bbp_forum_subforum_count":0,"footnotes":""},"categories":[61,106],"tags":[],"class_list":["post-388693","post","type-post","status-publish","format-video","has-post-thumbnail","category-mundo","category-video-news","post_format-post-format-video"],"_links":{"self":[{"href":"https:\/\/primermomento.com\/index.php?rest_route=\/wp\/v2\/posts\/388693","targetHints":{"allow":["GET"]}}],"collection":[{"href":"https:\/\/primermomento.com\/index.php?rest_route=\/wp\/v2\/posts"}],"about":[{"href":"https:\/\/primermomento.com\/index.php?rest_route=\/wp\/v2\/types\/post"}],"author":[{"embeddable":true,"href":"https:\/\/primermomento.com\/index.php?rest_route=\/wp\/v2\/users\/1"}],"replies":[{"embeddable":true,"href":"https:\/\/primermomento.com\/index.php?rest_route=%2Fwp%2Fv2%2Fcomments&post=388693"}],"version-history":[{"count":1,"href":"https:\/\/primermomento.com\/index.php?rest_route=\/wp\/v2\/posts\/388693\/revisions"}],"predecessor-version":[{"id":388696,"href":"https:\/\/primermomento.com\/index.php?rest_route=\/wp\/v2\/posts\/388693\/revisions\/388696"}],"wp:featuredmedia":[{"embeddable":true,"href":"https:\/\/primermomento.com\/index.php?rest_route=\/wp\/v2\/media\/388694"}],"wp:attachment":[{"href":"https:\/\/primermomento.com\/index.php?rest_route=%2Fwp%2Fv2%2Fmedia&parent=388693"}],"wp:term":[{"taxonomy":"category","embeddable":true,"href":"https:\/\/primermomento.com\/index.php?rest_route=%2Fwp%2Fv2%2Fcategories&post=388693"},{"taxonomy":"post_tag","embeddable":true,"href":"https:\/\/primermomento.com\/index.php?rest_route=%2Fwp%2Fv2%2Ftags&post=388693"}],"curies":[{"name":"wp","href":"https:\/\/api.w.org\/{rel}","templated":true}]}}