{"id":388697,"date":"2023-05-30T09:52:00","date_gmt":"2023-05-30T13:52:00","guid":{"rendered":"https:\/\/primermomento.com\/?p=388697"},"modified":"2023-05-30T16:56:22","modified_gmt":"2023-05-30T20:56:22","slug":"muere-el-premio-de-artes-visuales-dominicano-vicente-pimentel","status":"publish","type":"post","link":"https:\/\/primermomento.com\/?p=388697","title":{"rendered":"Muere el Premio de Artes Visuales dominicano Vicente Pimentel"},"content":{"rendered":"\n<p class=\"wp-block-paragraph\">SANTO DOMINGO, Rep\u00fablica Dominicana.- El Premio Nacional de Artes Visuales dominicano, Vicente Pimentel, falleci\u00f3 a los 76 a\u00f1os de edad a causa de un infarto en Francia, pa\u00eds donde resid\u00eda y en el que desarroll\u00f3 gran parte de su obra, inform\u00f3 hoy el ministerio de Cultura.<\/p>\n\n\n\n<p class=\"wp-block-paragraph\">Pimentel deja una obra que le consagr\u00f3 como uno de los m\u00e1s importantes pintores de su generaci\u00f3n, destac\u00f3 esa cartera en un comunicado.<\/p>\n\n\n\n<p class=\"wp-block-paragraph\">\u201cHemos perdido a un referente de la pl\u00e1stica nacional que nos represent\u00f3 con dignidad en el extranjero\u201d, expres\u00f3 por su parte en las redes sociales la ministra de Cultura, Milagros Germ\u00e1n.<\/p>\n\n\n\n<p class=\"wp-block-paragraph\">Germ\u00e1n agreg\u00f3 que su partida deja un vac\u00edo irreparable en el mundo del arte: \u201cPimentel nos cautiv\u00f3 con su obra innovadora, desafiando l\u00edmites y explorando nuevas dimensiones\u00bb, a\u00f1adi\u00f3.<\/p>\n\n\n\n<p class=\"wp-block-paragraph\">Sus obras se expusieron en Francia, Suecia, Espa\u00f1a, Inglaterra, Cuba y Dinamarca, entre otras naciones.<\/p>\n\n\n\n<p class=\"wp-block-paragraph\">El Senado de Francia le otorg\u00f3 en febrero de este a\u00f1o un reconocimiento por sus aportes a la cultura, trayectoria y v\u00ednculo con esa naci\u00f3n europea; en ese pa\u00eds tambi\u00e9n mereci\u00f3 el premio Ville de V\u00edrtry, en 1982.<\/p>\n\n\n\n<p class=\"wp-block-paragraph\">El artista, en cuyas obras predominan las formas abstractas, estudi\u00f3 en la Escuela Nacional de Bellas Artes, ampli\u00f3 sus conocimientos en Marsella y en Francia, donde residi\u00f3 durante varios a\u00f1os.<\/p>\n\n\n\n<p class=\"has-text-align-right wp-block-paragraph\"><em>PL<\/em><\/p>\n\n\n\n<p class=\"has-text-align-right wp-block-paragraph\"><\/p>\n","protected":false},"excerpt":{"rendered":"<p>SANTO DOMINGO, Rep\u00fablica Dominicana.- El Premio Nacional de Artes Visuales dominicano, Vicente Pimentel, falleci\u00f3 a los 76 a\u00f1os de edad a causa de un infarto en Francia, pa\u00eds donde resid\u00eda y en el que desarroll\u00f3 gran parte de su obra, inform\u00f3 hoy el ministerio de Cultura. Pimentel deja una obra que le consagr\u00f3 como uno [&hellip;]<\/p>\n","protected":false},"author":1,"featured_media":388698,"comment_status":"open","ping_status":"open","sticky":false,"template":"","format":"standard","meta":{"_bbp_topic_count":0,"_bbp_reply_count":0,"_bbp_total_topic_count":0,"_bbp_total_reply_count":0,"_bbp_voice_count":0,"_bbp_anonymous_reply_count":0,"_bbp_topic_count_hidden":0,"_bbp_reply_count_hidden":0,"_bbp_forum_subforum_count":0,"footnotes":""},"categories":[39],"tags":[],"class_list":["post-388697","post","type-post","status-publish","format-standard","has-post-thumbnail","category-entretenimiento"],"_links":{"self":[{"href":"https:\/\/primermomento.com\/index.php?rest_route=\/wp\/v2\/posts\/388697","targetHints":{"allow":["GET"]}}],"collection":[{"href":"https:\/\/primermomento.com\/index.php?rest_route=\/wp\/v2\/posts"}],"about":[{"href":"https:\/\/primermomento.com\/index.php?rest_route=\/wp\/v2\/types\/post"}],"author":[{"embeddable":true,"href":"https:\/\/primermomento.com\/index.php?rest_route=\/wp\/v2\/users\/1"}],"replies":[{"embeddable":true,"href":"https:\/\/primermomento.com\/index.php?rest_route=%2Fwp%2Fv2%2Fcomments&post=388697"}],"version-history":[{"count":1,"href":"https:\/\/primermomento.com\/index.php?rest_route=\/wp\/v2\/posts\/388697\/revisions"}],"predecessor-version":[{"id":388699,"href":"https:\/\/primermomento.com\/index.php?rest_route=\/wp\/v2\/posts\/388697\/revisions\/388699"}],"wp:featuredmedia":[{"embeddable":true,"href":"https:\/\/primermomento.com\/index.php?rest_route=\/wp\/v2\/media\/388698"}],"wp:attachment":[{"href":"https:\/\/primermomento.com\/index.php?rest_route=%2Fwp%2Fv2%2Fmedia&parent=388697"}],"wp:term":[{"taxonomy":"category","embeddable":true,"href":"https:\/\/primermomento.com\/index.php?rest_route=%2Fwp%2Fv2%2Fcategories&post=388697"},{"taxonomy":"post_tag","embeddable":true,"href":"https:\/\/primermomento.com\/index.php?rest_route=%2Fwp%2Fv2%2Ftags&post=388697"}],"curies":[{"name":"wp","href":"https:\/\/api.w.org\/{rel}","templated":true}]}}