{"id":388784,"date":"2023-06-01T07:46:50","date_gmt":"2023-06-01T11:46:50","guid":{"rendered":"https:\/\/primermomento.com\/?p=388784"},"modified":"2023-06-01T15:49:08","modified_gmt":"2023-06-01T19:49:08","slug":"camara-baja-aprueba-acuerdo-para-elevar-el-techo-de-la-deuda-y-evitar-el-impago","status":"publish","type":"post","link":"https:\/\/primermomento.com\/?p=388784","title":{"rendered":"C\u00e1mara Baja de EEUU aprueba acuerdo para elevar el techo de la deuda y evitar el impago"},"content":{"rendered":"\n<ul class=\"wp-block-list\">\n<li><strong>El proyecto de ley que ahora se dirige al Senado incluye la renuncia al l\u00edmite de endeudamiento existente hasta enero de 2025 y un acuerdo presupuestario de dos a\u00f1os que mantiene estable el gasto federal en 2024 y lo aumenta en un 1 % en 2025.<\/strong><\/li>\n<\/ul>\n\n\n\n<p class=\"wp-block-paragraph\">WASHINGTON, EEUU.- El esfuerzo por evitar un incumplimiento de pago de Estados Unidos pasa al Senado despu\u00e9s de que la C\u00e1mara de Representantes aprobara una medida el mi\u00e9rcoles por la noche para suspender el l\u00edmite de endeudamiento del pa\u00eds y limitar algunos gastos federales.<\/p>\n\n\n\n<p class=\"wp-block-paragraph\">El l\u00edder de la mayor\u00eda en el Senado, Chuck Schumer, y el l\u00edder de la minor\u00eda en el Senado, Mitch McConnell, dijeron que esperan que el proyecto de ley sea aprobado en el Senado en los pr\u00f3ximos d\u00edas y se lo env\u00eden al presidente Joe Biden para su firma.<\/p>\n\n\n<div class=\"wp-block-image\">\n<figure class=\"aligncenter size-full\"><img loading=\"lazy\" decoding=\"async\" width=\"676\" height=\"380\" src=\"https:\/\/primermomento.com\/wp-content\/uploads\/2023\/06\/Kevin-McCarthy2-1.jpg\" alt=\"\" class=\"wp-image-388788\" srcset=\"https:\/\/primermomento.com\/wp-content\/uploads\/2023\/06\/Kevin-McCarthy2-1.jpg 676w, https:\/\/primermomento.com\/wp-content\/uploads\/2023\/06\/Kevin-McCarthy2-1-300x169.jpg 300w\" sizes=\"auto, (max-width: 676px) 100vw, 676px\" \/><\/figure>\n<\/div>\n\n\n<p class=\"wp-block-paragraph\"><em>El presidente de la C\u00e1mara de Representantes de EEUU, Kevin McCarthy, republicano por California, camina hacia su oficina despu\u00e9s de reunirse con la conferencia republicana de la C\u00e1mara en el Capitolio, el martes 30 de mayo de 2023, en Washington. (Foto AP\/Jos\u00e9 Luis Maga\u00f1a)<\/em><\/p>\n\n\n\n<p class=\"wp-block-paragraph\">El Departamento del Tesoro de EEUU ha advertido que se quedar\u00e1 sin dinero para pagar las cuentas de la naci\u00f3n el lunes si no se eleva el l\u00edmite de la deuda.<\/p>\n\n\n\n<p class=\"wp-block-paragraph\">La medida fue aprobada en la C\u00e1mara con una votaci\u00f3n de 314-117 a pesar de las objeciones de los republicanos que dijeron que no fue lo suficientemente lejos en el recorte de gastos y de los dem\u00f3cratas que dijeron que reduc\u00eda demasiado.<\/p>\n\n\n\n<p class=\"wp-block-paragraph\">Setenta y un legisladores del Partido Republicano mayoritario votaron en contra del proyecto de ley, al igual que 46 dem\u00f3cratas.<\/p>\n\n\n\n<p class=\"wp-block-paragraph\">En una declaraci\u00f3n posterior a la votaci\u00f3n del mi\u00e9rcoles, Biden celebr\u00f3 el acuerdo como un \u201ccompromiso bipartidista\u201d.<\/p>\n\n\n\n<p class=\"wp-block-paragraph\">\u201cProtege las prioridades y los logros clave de los \u00faltimos dos a\u00f1os, incluidas las inversiones hist\u00f3ricas que est\u00e1n creando buenos empleos en todo el pa\u00eds. Y honra mi compromiso de salvaguardar la atenci\u00f3n m\u00e9dica de los estadounidenses y proteger el Seguro Social, Medicare y Medicaid. Protege programas cr\u00edticos con los que cuentan millones de familias trabajadoras, estudiantes y veteranos\u201d.<\/p>\n\n\n\n<p class=\"wp-block-paragraph\">McCarthy dijo a los periodistas que lograr que se aprobara el proyecto de ley \u201cno fue una lucha f\u00e1cil\u201d. Hizo hincapi\u00e9 en el ahorro presupuestario y critic\u00f3 a los dem\u00f3cratas que quieren separar el debate sobre el gasto de la tarea de suspender el l\u00edmite de la deuda.<\/p>\n\n\n\n<p class=\"wp-block-paragraph\">\u201cPonemos a los ciudadanos de Estados Unidos primero y no lo hicimos tomando el camino f\u00e1cil\u201d, dijo McCarthy. \u201cNo lo hicimos de la forma en que la gente lo hac\u00eda en el pasado simplemente levant\u00e1ndolo, decidimos que ten\u00edas que gastar menos y logramos ese objetivo\u201d.<\/p>\n\n\n\n<p class=\"wp-block-paragraph\">McCarthy dijo que tiene la intenci\u00f3n de seguir la acci\u00f3n del mi\u00e9rcoles con m\u00e1s esfuerzos para recortar el gasto federal.<\/p>\n\n\n\n<p class=\"wp-block-paragraph\">El proyecto de ley que ahora se dirige al Senado incluye la renuncia al l\u00edmite de endeudamiento existente hasta enero de 2025 y un acuerdo presupuestario de dos a\u00f1os que mantiene estable el gasto federal en 2024 y lo aumenta en un 1 % en 2025. La medida no aumenta los impuestos ni detendr\u00e1 el total de la deuda nacional siga aumentando, tal vez en otros 3 billones de d\u00f3lares o m\u00e1s durante el pr\u00f3ximo a\u00f1o y medio.<\/p>\n\n\n\n<p class=\"wp-block-paragraph\">Otras piezas de la legislaci\u00f3n incluyen una reducci\u00f3n en la cantidad de nuevos agentes contratados por la agencia de recaudaci\u00f3n de impuestos del pa\u00eds, IRS por sus siglas en ingl\u00e9s, un requisito que exige que los estados devuelvan al gobierno federal 30.000 millones de d\u00f3lares en asistencia no gastada por la pandemia de coronavirus y que se extienda de 50 a 54 a\u00f1os el grupo de edad superior para aquellos obligados a trabajar para recibir ayuda alimentaria.<\/p>\n\n\n\n<p class=\"has-text-align-right wp-block-paragraph\"><em>Parte de la informaci\u00f3n para este informe provino de The Associated Press, Agence France-Presse y Reuters.<\/em><\/p>\n","protected":false},"excerpt":{"rendered":"<p>WASHINGTON, EEUU.- El esfuerzo por evitar un incumplimiento de pago de Estados Unidos pasa al Senado despu\u00e9s de que la C\u00e1mara de Representantes aprobara una medida el mi\u00e9rcoles por la noche para suspender el l\u00edmite de endeudamiento del pa\u00eds y limitar algunos gastos federales. El l\u00edder de la mayor\u00eda en el Senado, Chuck Schumer, y [&hellip;]<\/p>\n","protected":false},"author":1,"featured_media":388786,"comment_status":"open","ping_status":"open","sticky":false,"template":"","format":"video","meta":{"_bbp_topic_count":0,"_bbp_reply_count":0,"_bbp_total_topic_count":0,"_bbp_total_reply_count":0,"_bbp_voice_count":0,"_bbp_anonymous_reply_count":0,"_bbp_topic_count_hidden":0,"_bbp_reply_count_hidden":0,"_bbp_forum_subforum_count":0,"footnotes":""},"categories":[61,106],"tags":[],"class_list":["post-388784","post","type-post","status-publish","format-video","has-post-thumbnail","category-mundo","category-video-news","post_format-post-format-video"],"_links":{"self":[{"href":"https:\/\/primermomento.com\/index.php?rest_route=\/wp\/v2\/posts\/388784","targetHints":{"allow":["GET"]}}],"collection":[{"href":"https:\/\/primermomento.com\/index.php?rest_route=\/wp\/v2\/posts"}],"about":[{"href":"https:\/\/primermomento.com\/index.php?rest_route=\/wp\/v2\/types\/post"}],"author":[{"embeddable":true,"href":"https:\/\/primermomento.com\/index.php?rest_route=\/wp\/v2\/users\/1"}],"replies":[{"embeddable":true,"href":"https:\/\/primermomento.com\/index.php?rest_route=%2Fwp%2Fv2%2Fcomments&post=388784"}],"version-history":[{"count":4,"href":"https:\/\/primermomento.com\/index.php?rest_route=\/wp\/v2\/posts\/388784\/revisions"}],"predecessor-version":[{"id":388794,"href":"https:\/\/primermomento.com\/index.php?rest_route=\/wp\/v2\/posts\/388784\/revisions\/388794"}],"wp:featuredmedia":[{"embeddable":true,"href":"https:\/\/primermomento.com\/index.php?rest_route=\/wp\/v2\/media\/388786"}],"wp:attachment":[{"href":"https:\/\/primermomento.com\/index.php?rest_route=%2Fwp%2Fv2%2Fmedia&parent=388784"}],"wp:term":[{"taxonomy":"category","embeddable":true,"href":"https:\/\/primermomento.com\/index.php?rest_route=%2Fwp%2Fv2%2Fcategories&post=388784"},{"taxonomy":"post_tag","embeddable":true,"href":"https:\/\/primermomento.com\/index.php?rest_route=%2Fwp%2Fv2%2Ftags&post=388784"}],"curies":[{"name":"wp","href":"https:\/\/api.w.org\/{rel}","templated":true}]}}