{"id":388834,"date":"2023-06-01T15:54:25","date_gmt":"2023-06-01T19:54:25","guid":{"rendered":"https:\/\/primermomento.com\/?p=388834"},"modified":"2023-06-03T08:03:12","modified_gmt":"2023-06-03T12:03:12","slug":"bani-sectores-de-el-fundo-beneficiados-con-mobiliarios-asignados-por-ppm","status":"publish","type":"post","link":"https:\/\/primermomento.com\/?p=388834","title":{"rendered":"BAN\u00cd | Sectores de El Fundo beneficiados con mobiliarios asignados por PPM"},"content":{"rendered":"\n<p class=\"wp-block-paragraph\">BAN\u00cd, Rep\u00fablica Dominicana.- Siguen las entregas de mobiliarios a diferentes Juntas de Vecinos de distintas localidades de la ciudad, quienes hicieron la petici\u00f3n a trav\u00e9s de las Asambleas Comunitarias del Presupuesto Participativo Municipal (PPM).<\/p>\n\n\n\n<p class=\"wp-block-paragraph\">La vicealcaldesa Adriana Soto y directora del PPM, muy contenta tras el cumplimiento de la demanda de ambos lugares, sostuvo que el pueblo de Ban\u00ed cuenta con un alcalde como Santo Ram\u00edrez, preocupado por resolver las necesidades de todas las organizaciones comunitarias y exhort\u00f3 a darle buen uso a los mobiliarios para que perduren.<\/p>\n\n\n\n<p class=\"wp-block-paragraph\">Esta ocasi\u00f3n los beneficiados con utensilios y herramientas que servir\u00e1n para el desarrollo de sus actividades sociales, fueron los sectores Fundo Los Cayuquitos donde se suministraron una carpa, 50 silla, dos termos de caf\u00e9 y dos calderos de 50 de 4 azas.<\/p>\n\n\n\n<p class=\"wp-block-paragraph\">Mientras en el sector Fundo Central, le fueron donados un caldero grande de 4 azas, cuatro bandejas, un termo de agua de los grandes y 150 sillas.<\/p>\n\n\n\n<p class=\"wp-block-paragraph\">En representaci\u00f3n del ejecutivo municipal, estuvo la encargada de la Alcald\u00eda Ped\u00e1nea, Dilcia Pimentel, quien se manifest\u00f3 orgullosa al ver la alegr\u00eda que emana de los rostros de todos los delegados del PPM cuando le es acogida su preocupaci\u00f3n sobre la realizaci\u00f3n de diferentes obras o ayudas sociales.<\/p>\n\n\n\n<p class=\"wp-block-paragraph\">Los residentes de estos lugares lucieron muy contentos por el gesto, as\u00ed como por tenerlos presentes al cumplir con su solicitud, entre ellos Masiel Arias, Juan Bautista, Juan And\u00fajar quienes dijeron sentirse muy satisfechos al ver que fue escuchada su solicitud.<\/p>\n\n\n\n<p class=\"wp-block-paragraph\">Asistieron moradores de las dos barriadas favorecidas, empleados y funcionarios del cabildo y miembros de las juntas de vecinos.<\/p>\n","protected":false},"excerpt":{"rendered":"<p>BAN\u00cd, Rep\u00fablica Dominicana.- Siguen las entregas de mobiliarios a diferentes Juntas de Vecinos de distintas localidades de la ciudad, quienes hicieron la petici\u00f3n a trav\u00e9s de las Asambleas Comunitarias del Presupuesto Participativo Municipal (PPM). La vicealcaldesa Adriana Soto y directora del PPM, muy contenta tras el cumplimiento de la demanda de ambos lugares, sostuvo que [&hellip;]<\/p>\n","protected":false},"author":1,"featured_media":388835,"comment_status":"open","ping_status":"open","sticky":false,"template":"","format":"video","meta":{"_bbp_topic_count":0,"_bbp_reply_count":0,"_bbp_total_topic_count":0,"_bbp_total_reply_count":0,"_bbp_voice_count":0,"_bbp_anonymous_reply_count":0,"_bbp_topic_count_hidden":0,"_bbp_reply_count_hidden":0,"_bbp_forum_subforum_count":0,"footnotes":""},"categories":[30,106],"tags":[],"class_list":["post-388834","post","type-post","status-publish","format-video","has-post-thumbnail","category-actualidad","category-video-news","post_format-post-format-video"],"_links":{"self":[{"href":"https:\/\/primermomento.com\/index.php?rest_route=\/wp\/v2\/posts\/388834","targetHints":{"allow":["GET"]}}],"collection":[{"href":"https:\/\/primermomento.com\/index.php?rest_route=\/wp\/v2\/posts"}],"about":[{"href":"https:\/\/primermomento.com\/index.php?rest_route=\/wp\/v2\/types\/post"}],"author":[{"embeddable":true,"href":"https:\/\/primermomento.com\/index.php?rest_route=\/wp\/v2\/users\/1"}],"replies":[{"embeddable":true,"href":"https:\/\/primermomento.com\/index.php?rest_route=%2Fwp%2Fv2%2Fcomments&post=388834"}],"version-history":[{"count":1,"href":"https:\/\/primermomento.com\/index.php?rest_route=\/wp\/v2\/posts\/388834\/revisions"}],"predecessor-version":[{"id":388836,"href":"https:\/\/primermomento.com\/index.php?rest_route=\/wp\/v2\/posts\/388834\/revisions\/388836"}],"wp:featuredmedia":[{"embeddable":true,"href":"https:\/\/primermomento.com\/index.php?rest_route=\/wp\/v2\/media\/388835"}],"wp:attachment":[{"href":"https:\/\/primermomento.com\/index.php?rest_route=%2Fwp%2Fv2%2Fmedia&parent=388834"}],"wp:term":[{"taxonomy":"category","embeddable":true,"href":"https:\/\/primermomento.com\/index.php?rest_route=%2Fwp%2Fv2%2Fcategories&post=388834"},{"taxonomy":"post_tag","embeddable":true,"href":"https:\/\/primermomento.com\/index.php?rest_route=%2Fwp%2Fv2%2Ftags&post=388834"}],"curies":[{"name":"wp","href":"https:\/\/api.w.org\/{rel}","templated":true}]}}