{"id":388953,"date":"2023-06-02T09:49:00","date_gmt":"2023-06-02T13:49:00","guid":{"rendered":"https:\/\/primermomento.com\/?p=388953"},"modified":"2023-06-02T16:52:51","modified_gmt":"2023-06-02T20:52:51","slug":"silvio-rodriguez-dedico-titulo-universitario-a-la-trova-cubana","status":"publish","type":"post","link":"https:\/\/primermomento.com\/?p=388953","title":{"rendered":"Silvio Rodr\u00edguez dedic\u00f3 t\u00edtulo universitario a la trova cubana"},"content":{"rendered":"\n<p class=\"wp-block-paragraph\">LA HABANA, Cuba.- El cantautor Silvio Rodr\u00edguez dedic\u00f3 a la trova cubana el t\u00edtulo de Doctor Honoris Causa en Ciencias Sociales y Humanidades, que le fue conferido hoy por la Universidad de La Habana (UH).<\/p>\n\n\n\n<p class=\"wp-block-paragraph\">\u201cEs indescriptible ser reconocido por la instituci\u00f3n donde han hecho historia tantas personalidades, m\u00e1s si esto ocurre en el pa\u00eds donde nac\u00ed, manifest\u00f3 el reconocido compositor y m\u00fasico en el acto que tuvo lugar esta ma\u00f1ana en el Aula Magna de la casa de de altos estudios.<\/p>\n\n\n\n<p class=\"wp-block-paragraph\">Este reconocimiento lo recibo en nombre de la trova cubana de todos los tiempos, subray\u00f3 el intelectual, visiblemente emocionado, en el acto que cont\u00f3 con la presencia del presidente Miguel D\u00edaz-Canel, altos funcionarios del Gobierno y representantes de la cultura en la isla caribe\u00f1a.<\/p>\n\n\n\n<p class=\"wp-block-paragraph\">De manos de la rectora de la instituci\u00f3n, Miriam Nicado, el trovador cubano recibi\u00f3 el galard\u00f3n m\u00e1s importante que entrega la UH, inform\u00f3 en Twitter la Presidencia de la Rep\u00fablica.<\/p>\n\n\n\n<p class=\"wp-block-paragraph\">Nicado rememor\u00f3 la obra del fundador del movimiento de la Nueva Trova Cubana en la naci\u00f3n caribe\u00f1a y el profesor Manuel Calvi\u00f1o pronunci\u00f3 las palabras de elogio al artista, en un acto en el cual participaron artistas e intelectuales cubanos.<\/p>\n\n\n\n<p class=\"wp-block-paragraph\">Calvi\u00f1o subray\u00f3 que el trovador ha sido un indagador insomne de la sociedad cubana, y ha luchado por hacerla mejor. \u201cLa Revoluci\u00f3n es de quien la siente y la abraza, y \u00e9l inequ\u00edvocamente la abraz\u00f3\u201d, expres\u00f3.<\/p>\n\n\n\n<p class=\"wp-block-paragraph\">De igual modo, Silvio recibi\u00f3 una carpeta con carteles creados por estudiantes de dise\u00f1o, que aluden a sus canciones emblem\u00e1ticas.<\/p>\n\n\n\n<p class=\"wp-block-paragraph\">Su investidura es considerada la \u00faltima acci\u00f3n del programa profesional de la Convenci\u00f3n Cient\u00edfica Internacional de la Universidad de La Habana, Saber UH, inaugurada el pasado lunes en la c\u00e9ntrica sala cinematogr\u00e1fica Yara.<\/p>\n\n\n\n<p class=\"wp-block-paragraph\">Rodr\u00edguez es uno de los compositores cubanos contempor\u00e1neos con m\u00e1s reconocimientos nacionales e internacionales, y esta condici\u00f3n reconoce el alcance de su obra, que incluye la composici\u00f3n musical y letra de cientos de canciones.<\/p>\n\n\n\n<p class=\"wp-block-paragraph\">Nacido el 29 de noviembre de 1946 en la localidad de San Antonio de los Ba\u00f1os, en la actual provincia de Artemisa, fue tambi\u00e9n uno de los fundadores del Grupo de Experimentaci\u00f3n Sonora, del Instituto Cubano de Arte e Industria Cinematogr\u00e1ficos.<\/p>\n\n\n\n<p class=\"wp-block-paragraph\">En 2009, la Universidad Nacional de C\u00f3rdoba, Argentina, distingui\u00f3 al artista con el t\u00edtulo Doctor Honoris Causa, nombramiento en Arte que tambi\u00e9n recibi\u00f3 en 2017 por la Universidad de las Artes de Cuba.<\/p>\n\n\n\n<p class=\"has-text-align-right wp-block-paragraph\"><em>PL<\/em><\/p>\n","protected":false},"excerpt":{"rendered":"<p>LA HABANA, Cuba.- El cantautor Silvio Rodr\u00edguez dedic\u00f3 a la trova cubana el t\u00edtulo de Doctor Honoris Causa en Ciencias Sociales y Humanidades, que le fue conferido hoy por la Universidad de La Habana (UH). \u201cEs indescriptible ser reconocido por la instituci\u00f3n donde han hecho historia tantas personalidades, m\u00e1s si esto ocurre en el pa\u00eds [&hellip;]<\/p>\n","protected":false},"author":1,"featured_media":388954,"comment_status":"open","ping_status":"open","sticky":false,"template":"","format":"standard","meta":{"_bbp_topic_count":0,"_bbp_reply_count":0,"_bbp_total_topic_count":0,"_bbp_total_reply_count":0,"_bbp_voice_count":0,"_bbp_anonymous_reply_count":0,"_bbp_topic_count_hidden":0,"_bbp_reply_count_hidden":0,"_bbp_forum_subforum_count":0,"footnotes":""},"categories":[39],"tags":[],"class_list":["post-388953","post","type-post","status-publish","format-standard","has-post-thumbnail","category-entretenimiento"],"_links":{"self":[{"href":"https:\/\/primermomento.com\/index.php?rest_route=\/wp\/v2\/posts\/388953","targetHints":{"allow":["GET"]}}],"collection":[{"href":"https:\/\/primermomento.com\/index.php?rest_route=\/wp\/v2\/posts"}],"about":[{"href":"https:\/\/primermomento.com\/index.php?rest_route=\/wp\/v2\/types\/post"}],"author":[{"embeddable":true,"href":"https:\/\/primermomento.com\/index.php?rest_route=\/wp\/v2\/users\/1"}],"replies":[{"embeddable":true,"href":"https:\/\/primermomento.com\/index.php?rest_route=%2Fwp%2Fv2%2Fcomments&post=388953"}],"version-history":[{"count":1,"href":"https:\/\/primermomento.com\/index.php?rest_route=\/wp\/v2\/posts\/388953\/revisions"}],"predecessor-version":[{"id":388955,"href":"https:\/\/primermomento.com\/index.php?rest_route=\/wp\/v2\/posts\/388953\/revisions\/388955"}],"wp:featuredmedia":[{"embeddable":true,"href":"https:\/\/primermomento.com\/index.php?rest_route=\/wp\/v2\/media\/388954"}],"wp:attachment":[{"href":"https:\/\/primermomento.com\/index.php?rest_route=%2Fwp%2Fv2%2Fmedia&parent=388953"}],"wp:term":[{"taxonomy":"category","embeddable":true,"href":"https:\/\/primermomento.com\/index.php?rest_route=%2Fwp%2Fv2%2Fcategories&post=388953"},{"taxonomy":"post_tag","embeddable":true,"href":"https:\/\/primermomento.com\/index.php?rest_route=%2Fwp%2Fv2%2Ftags&post=388953"}],"curies":[{"name":"wp","href":"https:\/\/api.w.org\/{rel}","templated":true}]}}