{"id":389080,"date":"2023-06-04T09:42:00","date_gmt":"2023-06-04T13:42:00","guid":{"rendered":"https:\/\/primermomento.com\/?p=389080"},"modified":"2023-06-04T14:44:52","modified_gmt":"2023-06-04T18:44:52","slug":"madonna-integra-banda-sonora-de-serie-estrenada-por-hbo","status":"publish","type":"post","link":"https:\/\/primermomento.com\/?p=389080","title":{"rendered":"Madonna integra banda sonora de serie estrenada por HBO"},"content":{"rendered":"\n<p class=\"wp-block-paragraph\">LOS \u00c1NGELES, EEUU.- La cantante, bailarina, actriz y empresaria estadounidense Madonna integra, junto al m\u00fasico The Weeknd, la banda sonora de la serie \u00abThe Idol\u00bb, que estrena hoy la cadena de televisi\u00f3n HBO.<\/p>\n\n\n\n<p class=\"wp-block-paragraph\">El nuevo producto audiovisual pertenece a los creadores del drama de adolescentes \u00abEuphoria\u00bb, mientras, el tema titulado \u00abPopular\u00bb constituye la primera colaboraci\u00f3n entre el int\u00e9rprete, compositor, rapero y productor discogr\u00e1fico canadiense The Weeknd y la diva del pop, precis\u00f3 el sitio digital 20minutos.<\/p>\n\n\n\n<p class=\"wp-block-paragraph\">The Weeknd, quien tambi\u00e9n es actor, usar\u00e1 su nombre real Abel Tesfaye para relanzar su proyecto musical, de acuerdo cn la fuente.<\/p>\n\n\n\n<p class=\"wp-block-paragraph\">Seg\u00fan relat\u00f3 el propio The Weeknd en su presentaci\u00f3n en el reci\u00e9n concluido Festival de Cannes, se inspir\u00f3 en Dr\u00e1cula para interpretar su primer gran papel en televisi\u00f3n.<\/p>\n\n\n\n<p class=\"wp-block-paragraph\">Este artista rompi\u00f3 r\u00e9cord con sus reproducciones en la plataforma Spotify, en la que se mantiene como el m\u00e1s escuchado, por delante de Ed Sheeran y Taylor Swift.<\/p>\n\n\n\n<p class=\"wp-block-paragraph\">Su gran gira \u00abAfter Hours Til Dawn\u00bb por Europa y Am\u00e9rica Latina iniciar\u00e1 el lunes 6 de junio, con un concierto en Lisboa, capital de Portugal, al que seguir\u00e1n otras paradas en Londres, adem\u00e1s, de Madrid y Barcelona., en Espa\u00f1a.<\/p>\n\n\n\n<p class=\"wp-block-paragraph\">A partir de septiembre el m\u00fasico The Weeknd cruzar\u00e1 el Atl\u00e1ntico, con arranque en Monterrey, M\u00e9xico, y en octubre en Buenos Aires, capital de Argentina.<\/p>\n\n\n\n<p class=\"has-text-align-right wp-block-paragraph\"><em>PL<\/em><\/p>\n","protected":false},"excerpt":{"rendered":"<p>LOS \u00c1NGELES, EEUU.- La cantante, bailarina, actriz y empresaria estadounidense Madonna integra, junto al m\u00fasico The Weeknd, la banda sonora de la serie \u00abThe Idol\u00bb, que estrena hoy la cadena de televisi\u00f3n HBO. El nuevo producto audiovisual pertenece a los creadores del drama de adolescentes \u00abEuphoria\u00bb, mientras, el tema titulado \u00abPopular\u00bb constituye la primera colaboraci\u00f3n [&hellip;]<\/p>\n","protected":false},"author":1,"featured_media":389082,"comment_status":"open","ping_status":"open","sticky":false,"template":"","format":"standard","meta":{"_bbp_topic_count":0,"_bbp_reply_count":0,"_bbp_total_topic_count":0,"_bbp_total_reply_count":0,"_bbp_voice_count":0,"_bbp_anonymous_reply_count":0,"_bbp_topic_count_hidden":0,"_bbp_reply_count_hidden":0,"_bbp_forum_subforum_count":0,"footnotes":""},"categories":[39],"tags":[],"class_list":["post-389080","post","type-post","status-publish","format-standard","has-post-thumbnail","category-entretenimiento"],"_links":{"self":[{"href":"https:\/\/primermomento.com\/index.php?rest_route=\/wp\/v2\/posts\/389080","targetHints":{"allow":["GET"]}}],"collection":[{"href":"https:\/\/primermomento.com\/index.php?rest_route=\/wp\/v2\/posts"}],"about":[{"href":"https:\/\/primermomento.com\/index.php?rest_route=\/wp\/v2\/types\/post"}],"author":[{"embeddable":true,"href":"https:\/\/primermomento.com\/index.php?rest_route=\/wp\/v2\/users\/1"}],"replies":[{"embeddable":true,"href":"https:\/\/primermomento.com\/index.php?rest_route=%2Fwp%2Fv2%2Fcomments&post=389080"}],"version-history":[{"count":1,"href":"https:\/\/primermomento.com\/index.php?rest_route=\/wp\/v2\/posts\/389080\/revisions"}],"predecessor-version":[{"id":389081,"href":"https:\/\/primermomento.com\/index.php?rest_route=\/wp\/v2\/posts\/389080\/revisions\/389081"}],"wp:featuredmedia":[{"embeddable":true,"href":"https:\/\/primermomento.com\/index.php?rest_route=\/wp\/v2\/media\/389082"}],"wp:attachment":[{"href":"https:\/\/primermomento.com\/index.php?rest_route=%2Fwp%2Fv2%2Fmedia&parent=389080"}],"wp:term":[{"taxonomy":"category","embeddable":true,"href":"https:\/\/primermomento.com\/index.php?rest_route=%2Fwp%2Fv2%2Fcategories&post=389080"},{"taxonomy":"post_tag","embeddable":true,"href":"https:\/\/primermomento.com\/index.php?rest_route=%2Fwp%2Fv2%2Ftags&post=389080"}],"curies":[{"name":"wp","href":"https:\/\/api.w.org\/{rel}","templated":true}]}}