{"id":389135,"date":"2023-06-05T13:58:56","date_gmt":"2023-06-05T17:58:56","guid":{"rendered":"https:\/\/primermomento.com\/?p=389135"},"modified":"2023-06-05T13:58:57","modified_gmt":"2023-06-05T17:58:57","slug":"exvicepresidente-pence-presenta-documentos-para-lanzar-candidatura-presidencial-para-2024","status":"publish","type":"post","link":"https:\/\/primermomento.com\/?p=389135","title":{"rendered":"Exvicepresidente Pence presenta documentos para lanzar candidatura presidencial para 2024"},"content":{"rendered":"\n<p class=\"wp-block-paragraph\">El exvicepresidente de Estados Unidos Mike Pence present\u00f3 documentos el lunes declarando su campa\u00f1a para presidente en 2024, desafiando a su exjefe, Donald Trump, solo dos a\u00f1os despu\u00e9s de que su tiempo en la Casa Blanca terminara con una insurrecci\u00f3n en el Capitolio y la huida de Pence por su vida<\/p>\n\n\n\n<p class=\"wp-block-paragraph\">Pence, el vicepresidente n\u00famero 48 de la naci\u00f3n, lanzar\u00e1 formalmente su candidatura a la nominaci\u00f3n republicana con un video y un evento de lanzamiento en Des Moines, Iowa, el mi\u00e9rcoles, que es su cumplea\u00f1os n\u00famero 64, seg\u00fan personas familiarizadas con sus planes. Hizo oficial su candidatura el lunes con la Comisi\u00f3n Federal de Elecciones.<\/p>\n\n\n\n<p class=\"wp-block-paragraph\">Si bien Trump actualmente lidera la lucha inicial por la nominaci\u00f3n, con el gobernador de Florida Ron DeSantis en segundo lugar en las encuestas, los partidarios de Pence ven un camino para un conservador confiable que defiende muchas de las pol\u00edticas de la administraci\u00f3n anterior pero sin el tumulto constante.<\/p>\n\n\n\n<figure class=\"wp-block-image size-full\"><img loading=\"lazy\" decoding=\"async\" width=\"1023\" height=\"575\" src=\"https:\/\/primermomento.com\/wp-content\/uploads\/2023\/06\/Mike-Pence-candidatura-1.webp\" alt=\"\" class=\"wp-image-389137\" srcset=\"https:\/\/primermomento.com\/wp-content\/uploads\/2023\/06\/Mike-Pence-candidatura-1.webp 1023w, https:\/\/primermomento.com\/wp-content\/uploads\/2023\/06\/Mike-Pence-candidatura-1-300x169.webp 300w, https:\/\/primermomento.com\/wp-content\/uploads\/2023\/06\/Mike-Pence-candidatura-1-768x432.webp 768w, https:\/\/primermomento.com\/wp-content\/uploads\/2023\/06\/Mike-Pence-candidatura-1-696x391.webp 696w\" sizes=\"auto, (max-width: 1023px) 100vw, 1023px\" \/><\/figure>\n\n\n\n<p class=\"wp-block-paragraph\">Si bien con frecuencia elogia los logros de la \u201cadministraci\u00f3n Trump-Pence\u201d, una nominaci\u00f3n de Pence en muchos sentidos ser\u00eda un regreso a posiciones asociadas con el establecimiento republicano pero abandonadas cuando Trump remodel\u00f3 el partido a su imagen. Pence ha advertido contra la creciente ola populista en el partido, y los asesores lo ven como el \u00fanico conservador tradicional al estilo Reagan en la contienda.<\/p>\n\n\n\n<p class=\"wp-block-paragraph\">Opositor ac\u00e9rrimo del derecho al aborto, Pence apoya una prohibici\u00f3n nacional del procedimiento y ha hecho campa\u00f1a contra las pol\u00edticas que reafirman a las personas transg\u00e9nero en las escuelas. Ha argumentado que los cambios en el Seguro Social y Medicare, como aumentar la edad de calificaci\u00f3n, deber\u00edan estar sobre la mesa para mantener la solvencia de los programas, a lo que tanto Trump como DeSantis se han opuesto, y critic\u00f3 a DeSantis por su creciente disputa con Disney. Tambi\u00e9n ha dicho que Estados Unidos deber\u00eda ofrecer m\u00e1s apoyo a Ucrania contra la agresi\u00f3n rusa, al tiempo que amonest\u00f3 a los \u00abapologistas de Putin\u00bb en el partido que no est\u00e1n dispuestos a enfrentarse al l\u00edder ruso.<\/p>\n\n\n\n<p class=\"has-text-align-right wp-block-paragraph\"><em>VOANEWS<\/em><\/p>\n","protected":false},"excerpt":{"rendered":"<p>El exvicepresidente de Estados Unidos Mike Pence present\u00f3 documentos el lunes declarando su campa\u00f1a para presidente en 2024, desafiando a su exjefe, Donald Trump, solo dos a\u00f1os despu\u00e9s de que su tiempo en la Casa Blanca terminara con una insurrecci\u00f3n en el Capitolio y la huida de Pence por su vida Pence, el vicepresidente n\u00famero [&hellip;]<\/p>\n","protected":false},"author":1,"featured_media":389136,"comment_status":"open","ping_status":"open","sticky":false,"template":"","format":"video","meta":{"_bbp_topic_count":0,"_bbp_reply_count":0,"_bbp_total_topic_count":0,"_bbp_total_reply_count":0,"_bbp_voice_count":0,"_bbp_anonymous_reply_count":0,"_bbp_topic_count_hidden":0,"_bbp_reply_count_hidden":0,"_bbp_forum_subforum_count":0,"footnotes":""},"categories":[61,106],"tags":[],"class_list":["post-389135","post","type-post","status-publish","format-video","has-post-thumbnail","category-mundo","category-video-news","post_format-post-format-video"],"_links":{"self":[{"href":"https:\/\/primermomento.com\/index.php?rest_route=\/wp\/v2\/posts\/389135","targetHints":{"allow":["GET"]}}],"collection":[{"href":"https:\/\/primermomento.com\/index.php?rest_route=\/wp\/v2\/posts"}],"about":[{"href":"https:\/\/primermomento.com\/index.php?rest_route=\/wp\/v2\/types\/post"}],"author":[{"embeddable":true,"href":"https:\/\/primermomento.com\/index.php?rest_route=\/wp\/v2\/users\/1"}],"replies":[{"embeddable":true,"href":"https:\/\/primermomento.com\/index.php?rest_route=%2Fwp%2Fv2%2Fcomments&post=389135"}],"version-history":[{"count":1,"href":"https:\/\/primermomento.com\/index.php?rest_route=\/wp\/v2\/posts\/389135\/revisions"}],"predecessor-version":[{"id":389138,"href":"https:\/\/primermomento.com\/index.php?rest_route=\/wp\/v2\/posts\/389135\/revisions\/389138"}],"wp:featuredmedia":[{"embeddable":true,"href":"https:\/\/primermomento.com\/index.php?rest_route=\/wp\/v2\/media\/389136"}],"wp:attachment":[{"href":"https:\/\/primermomento.com\/index.php?rest_route=%2Fwp%2Fv2%2Fmedia&parent=389135"}],"wp:term":[{"taxonomy":"category","embeddable":true,"href":"https:\/\/primermomento.com\/index.php?rest_route=%2Fwp%2Fv2%2Fcategories&post=389135"},{"taxonomy":"post_tag","embeddable":true,"href":"https:\/\/primermomento.com\/index.php?rest_route=%2Fwp%2Fv2%2Ftags&post=389135"}],"curies":[{"name":"wp","href":"https:\/\/api.w.org\/{rel}","templated":true}]}}