{"id":389142,"date":"2023-06-05T15:31:42","date_gmt":"2023-06-05T19:31:42","guid":{"rendered":"https:\/\/primermomento.com\/?p=389142"},"modified":"2023-06-05T15:32:06","modified_gmt":"2023-06-05T19:32:06","slug":"270-muertos-y-mas-de-mil-heridos-por-accidente-de-trenes-en-la-india","status":"publish","type":"post","link":"https:\/\/primermomento.com\/?p=389142","title":{"rendered":"270 muertos y m\u00e1s de mil heridos por accidente de trenes en la India"},"content":{"rendered":"\n<p class=\"wp-block-paragraph\">NUEVA DELHI, India.- Al menos cinco vagones de un tren de mercanc\u00edas se descarrilaron hoy en Odisha, cuando India a\u00fan no se recupera emocionalmente por la muerte de m\u00e1s de 270 personas en un reciente accidente masivo.<\/p>\n\n\n\n<p class=\"wp-block-paragraph\">De acuerdo con la prensa, el incidente no est\u00e1 conectado con Indian Railways y ocurri\u00f3 en el distrito de Bargarh.<\/p>\n\n\n<div class=\"wp-block-image\">\n<figure class=\"aligncenter size-full\"><img loading=\"lazy\" decoding=\"async\" width=\"500\" height=\"300\" src=\"https:\/\/primermomento.com\/wp-content\/uploads\/2023\/06\/accidente-de-trenes-india-1.jpg\" alt=\"\" class=\"wp-image-389145\" srcset=\"https:\/\/primermomento.com\/wp-content\/uploads\/2023\/06\/accidente-de-trenes-india-1.jpg 500w, https:\/\/primermomento.com\/wp-content\/uploads\/2023\/06\/accidente-de-trenes-india-1-300x180.jpg 300w\" sizes=\"auto, (max-width: 500px) 100vw, 500px\" \/><\/figure>\n<\/div>\n\n\n<p class=\"wp-block-paragraph\">A\u00fan no se reportaron heridos ni v\u00edctimas fatales y se desconocen las causas que lo provocaron, se\u00f1alaron los medios de comunicaci\u00f3n.<\/p>\n\n\n\n<p class=\"wp-block-paragraph\">El ministro de Ferrocarriles, Ashwini Vainshnaw, supuso una falla en la se\u00f1alizaci\u00f3n y recomend\u00f3 una investigaci\u00f3n sobre el hecho, el cual se produjo tres d\u00edas despu\u00e9s de la tragedia del Coromandel Express, considerada uno de los peores accidentes de trenes en el pa\u00eds asi\u00e1tico en los \u00faltimos 30 a\u00f1os.<\/p>\n\n\n\n<p class=\"wp-block-paragraph\">Asimismo, las autoridades anunciaron la reanudaci\u00f3n este lunes de los servicios de transportaci\u00f3n de pasajeros por ferrocarril en la estaci\u00f3n de Baganaga, luego de la reparaci\u00f3n por m\u00e1s de mil trabajadores de las v\u00edas que quedaron gravemente da\u00f1adas por la colisi\u00f3n del viernes \u00faltimo.<\/p>\n\n\n\n<p class=\"wp-block-paragraph\">Por otra parte, el secretario en jefe de Odisha, Pradeep Jena, aclar\u00f3 que el n\u00famero de muertos por la tragedia fue de 275, tras un nuevo conteo de los fallecidos, y afirm\u00f3 que de los mil 175 lesionados, ya 793 se encuentran de alta.<\/p>\n\n\n\n<p class=\"wp-block-paragraph\">Resultados preliminares de las investigaciones del comisionado de seguridad, revelados la v\u00edspera por Vaishnaw, arrojaron como causa del mortal accidente un cambio en el sistema que garantiza la operaci\u00f3n eficiente de los movimientos en los cruces ferroviarios, estaciones y puntos de se\u00f1alizaci\u00f3n.<\/p>\n\n\n\n<p class=\"wp-block-paragraph\">De acuerdo con expertos, el cambio en el sistema denominado enclavamiento electr\u00f3nico, como sugiri\u00f3 el ministro, pudo generar una se\u00f1alizaci\u00f3n incorrecta o un enrutamiento inadecuado que oblig\u00f3 al Coromandel Express a salir de la l\u00ednea principal.<\/p>\n\n\n\n<p class=\"wp-block-paragraph\">Por ende, el tren, que circulaba a m\u00e1s de 120 kil\u00f3metros por hora, tom\u00f3 la v\u00eda lateral y choc\u00f3 contra uno de carga estacionado.<\/p>\n\n\n\n<p class=\"wp-block-paragraph\">Seguidamente, otro que ven\u00eda por la l\u00ednea contraria embisti\u00f3 los vagones descarrilados que estaban obstruyendo la v\u00eda, seg\u00fan informaciones m\u00e1s detalladas del suceso.<\/p>\n\n\n\n<p class=\"has-text-align-right wp-block-paragraph\"><em>PL<\/em><\/p>\n","protected":false},"excerpt":{"rendered":"<p>NUEVA DELHI, India.- Al menos cinco vagones de un tren de mercanc\u00edas se descarrilaron hoy en Odisha, cuando India a\u00fan no se recupera emocionalmente por la muerte de m\u00e1s de 270 personas en un reciente accidente masivo. De acuerdo con la prensa, el incidente no est\u00e1 conectado con Indian Railways y ocurri\u00f3 en el distrito [&hellip;]<\/p>\n","protected":false},"author":1,"featured_media":389143,"comment_status":"open","ping_status":"open","sticky":false,"template":"","format":"video","meta":{"_bbp_topic_count":0,"_bbp_reply_count":0,"_bbp_total_topic_count":0,"_bbp_total_reply_count":0,"_bbp_voice_count":0,"_bbp_anonymous_reply_count":0,"_bbp_topic_count_hidden":0,"_bbp_reply_count_hidden":0,"_bbp_forum_subforum_count":0,"footnotes":""},"categories":[61,106],"tags":[],"class_list":["post-389142","post","type-post","status-publish","format-video","has-post-thumbnail","category-mundo","category-video-news","post_format-post-format-video"],"_links":{"self":[{"href":"https:\/\/primermomento.com\/index.php?rest_route=\/wp\/v2\/posts\/389142","targetHints":{"allow":["GET"]}}],"collection":[{"href":"https:\/\/primermomento.com\/index.php?rest_route=\/wp\/v2\/posts"}],"about":[{"href":"https:\/\/primermomento.com\/index.php?rest_route=\/wp\/v2\/types\/post"}],"author":[{"embeddable":true,"href":"https:\/\/primermomento.com\/index.php?rest_route=\/wp\/v2\/users\/1"}],"replies":[{"embeddable":true,"href":"https:\/\/primermomento.com\/index.php?rest_route=%2Fwp%2Fv2%2Fcomments&post=389142"}],"version-history":[{"count":2,"href":"https:\/\/primermomento.com\/index.php?rest_route=\/wp\/v2\/posts\/389142\/revisions"}],"predecessor-version":[{"id":389146,"href":"https:\/\/primermomento.com\/index.php?rest_route=\/wp\/v2\/posts\/389142\/revisions\/389146"}],"wp:featuredmedia":[{"embeddable":true,"href":"https:\/\/primermomento.com\/index.php?rest_route=\/wp\/v2\/media\/389143"}],"wp:attachment":[{"href":"https:\/\/primermomento.com\/index.php?rest_route=%2Fwp%2Fv2%2Fmedia&parent=389142"}],"wp:term":[{"taxonomy":"category","embeddable":true,"href":"https:\/\/primermomento.com\/index.php?rest_route=%2Fwp%2Fv2%2Fcategories&post=389142"},{"taxonomy":"post_tag","embeddable":true,"href":"https:\/\/primermomento.com\/index.php?rest_route=%2Fwp%2Fv2%2Ftags&post=389142"}],"curies":[{"name":"wp","href":"https:\/\/api.w.org\/{rel}","templated":true}]}}