{"id":389200,"date":"2023-06-06T16:01:04","date_gmt":"2023-06-06T20:01:04","guid":{"rendered":"https:\/\/primermomento.com\/?p=389200"},"modified":"2023-06-07T13:39:39","modified_gmt":"2023-06-07T17:39:39","slug":"bani-exsenador-wilton-guerrero-emplaza-a-la-pn-y-otras-autoridades-a-esclarecer-asesinato","status":"publish","type":"post","link":"https:\/\/primermomento.com\/?p=389200","title":{"rendered":"BAN\u00cd | Exsenador Wilton Guerrero emplaza a la PN y otras autoridades a esclarecer asesinato"},"content":{"rendered":"\n<p class=\"wp-block-paragraph\">BAN\u00cd, Rep\u00fablica Dominicana.- La muerte del joven Edward Carrera Bautista, al\u00edas El brujo, fue una acci\u00f3n deliberadamente criminal de parte de una patrulla policial mafiosa integrada por el cabo Medina y el sargento mayor Ferreras, afirm\u00f3 el exsenador de la Rep\u00fablica, Wilton Guerrero.<\/p>\n\n\n\n<p class=\"wp-block-paragraph\">Esa patrulla policial a lo que se dedica es a localizar personas que porten armas de fuego con permisos vencidos para extorsionarlos con sumas de dinero entre 40 y 60 mil pesos, agreg\u00f3 el exlegislador por la provincia Peravia.<\/p>\n\n\n<div class=\"wp-block-image\">\n<figure class=\"aligncenter size-full\"><img loading=\"lazy\" decoding=\"async\" width=\"820\" height=\"461\" src=\"https:\/\/primermomento.com\/wp-content\/uploads\/2023\/06\/Wilton-Guerrero-en-Fundacion-de-Peravia-1.jpg\" alt=\"\" class=\"wp-image-389218\" srcset=\"https:\/\/primermomento.com\/wp-content\/uploads\/2023\/06\/Wilton-Guerrero-en-Fundacion-de-Peravia-1.jpg 820w, https:\/\/primermomento.com\/wp-content\/uploads\/2023\/06\/Wilton-Guerrero-en-Fundacion-de-Peravia-1-300x169.jpg 300w, https:\/\/primermomento.com\/wp-content\/uploads\/2023\/06\/Wilton-Guerrero-en-Fundacion-de-Peravia-1-768x432.jpg 768w, https:\/\/primermomento.com\/wp-content\/uploads\/2023\/06\/Wilton-Guerrero-en-Fundacion-de-Peravia-1-696x391.jpg 696w\" sizes=\"auto, (max-width: 820px) 100vw, 820px\" \/><\/figure>\n<\/div>\n\n\n<p class=\"wp-block-paragraph\">Record\u00f3 que desde el domingo 28 de mayo, un d\u00eda antes de la tragedia, esa patrulla andaba afanosamente detr\u00e1s de Carrera Bautista en las comunidades de Rio Arriba, La vuelta de la Barranca, El Tolto, Fundaci\u00f3n de Peravia, entre otros lugares.<\/p>\n\n\n\n<p class=\"wp-block-paragraph\">El d\u00eda 29 de mayo, esa patrulla policial se dirigi\u00f3 hacia Fundaci\u00f3n de Peravia abajo en un solar de la v\u00edctima donde \u00e9ste se encontraba construyendo un local para instalar un colmado, se\u00f1al\u00f3 Guerrero.<\/p>\n\n\n\n<p class=\"wp-block-paragraph\">\u00abCuando la patrulla le pidi\u00f3 a Carrera Bautista que le entregara de inmediato su arma de fuego y el permiso de tenencia, \u00e9ste le mostr\u00f3 un carnet de la Direcci\u00f3n Nacional de Control de Drogas (DNCD) que lo autorizaba a portarla en su condici\u00f3n de sargento de esa instituci\u00f3n\u00bb, explic\u00f3 el tambi\u00e9n alto dirigente del Partido de la Liberaci\u00f3n Dominicana.<\/p>\n\n\n\n<p class=\"wp-block-paragraph\">-La v\u00edctima -continu\u00f3 diciendo Wilton Guerero- se despoj\u00f3 de sus prendas de oro para d\u00e1rselas a guardar a uno de sus empleados, pero la patrulla mafiosa se lo impidi\u00f3 y se abalanz\u00f3 fieramente sobre \u00e9l, estruj\u00e1ndolo groseramente, y lo asesinaron con su propia pistola. Los integrantes de esa patrulla policial mafiosa no tuvieron que hacer uso de sus armas de reglamento porque no hab\u00eda necesidad.<\/p>\n\n\n\n<figure class=\"wp-block-embed is-type-video is-provider-youtube wp-block-embed-youtube wp-embed-aspect-4-3 wp-has-aspect-ratio\"><div class=\"wp-block-embed__wrapper\">\n<iframe loading=\"lazy\" title=\"Familiares de hombre presuntamente asesinado por patrulla policial exigen justicia\" width=\"696\" height=\"522\" src=\"https:\/\/www.youtube.com\/embed\/JUl8vARK8M4?start=2&#038;feature=oembed\" frameborder=\"0\" allow=\"accelerometer; autoplay; clipboard-write; encrypted-media; gyroscope; picture-in-picture; web-share\" allowfullscreen><\/iframe>\n<\/div><\/figure>\n\n\n\n<p class=\"wp-block-paragraph\">Vecinos del lugar dijeron que Edward Carrera Bautista, El brujo, era una persona laboriosa, progresista y humanitaria. \u00abTen\u00eda un colmado en El Limonar, otro en Rio Arriba, y estaba levantando un local en Fundaci\u00f3n de Peravia para instalar otro negocio en el momento de su muerte; era muy solidario con las personas m\u00e1s necesitadas de dichas comunidades; sus padres y dem\u00e1s familiares son personas apegadas a los buenos valores, religiosos y honestos, por lo que la sociedad no termina de entender por qu\u00e9 asesinaron a uno de sus hijos de esta manera.<\/p>\n\n\n\n<p class=\"wp-block-paragraph\">El exsenador Guerrero lament\u00f3 que la Direcci\u00f3n Regional Sur Central de la Polic\u00eda Nacional no haya dado a conocer a la opini\u00f3n p\u00fablica ni siquiera los nombres de los integrantes de esa patrulla policial mafiosa. Al contrario, dijo, les han asignado dos abogados polic\u00edas en la defensa y est\u00e1n fabricando un expediente falso y mentiroso.<\/p>\n\n\n\n<p class=\"wp-block-paragraph\">Deplor\u00f3 la actitud asumida por las autoridades de la provincia y el municipio que no han abierto la boca para condenar ese crimen grosero. \u00bfD\u00f3nde est\u00e1n la gobernadora, el senador, los diputados y el alcalde de Ban\u00ed?, pregunt\u00f3 Wilton Guerrero.<\/p>\n\n\n\n<p class=\"wp-block-paragraph\">\u00abExigimos justicia para la v\u00edctima Edward Carrera, El brujo, que no se trate de ensuciar su nombre con acusaciones prefabricadas; llamamos a toda la sociedad a brindar solidaridad a la familia enlutada\u00bb, pidi\u00f3 el exsenador Wilton Guerrero.<\/p>\n\n\n\n<p class=\"wp-block-paragraph\">Sus declaraciones fueron emitidas en una conferencia de prensa convocada en la vivienda de los padres del joven asesinado, la ma\u00f1ana de este martes en Fundaci\u00f3n de Peravia.<\/p>\n","protected":false},"excerpt":{"rendered":"<p>BAN\u00cd, Rep\u00fablica Dominicana.- La muerte del joven Edward Carrera Bautista, al\u00edas El brujo, fue una acci\u00f3n deliberadamente criminal de parte de una patrulla policial mafiosa integrada por el cabo Medina y el sargento mayor Ferreras, afirm\u00f3 el exsenador de la Rep\u00fablica, Wilton Guerrero. Esa patrulla policial a lo que se dedica es a localizar personas [&hellip;]<\/p>\n","protected":false},"author":1,"featured_media":389201,"comment_status":"open","ping_status":"open","sticky":false,"template":"","format":"video","meta":{"_bbp_topic_count":0,"_bbp_reply_count":0,"_bbp_total_topic_count":0,"_bbp_total_reply_count":0,"_bbp_voice_count":0,"_bbp_anonymous_reply_count":0,"_bbp_topic_count_hidden":0,"_bbp_reply_count_hidden":0,"_bbp_forum_subforum_count":0,"footnotes":""},"categories":[30,106],"tags":[],"class_list":["post-389200","post","type-post","status-publish","format-video","has-post-thumbnail","category-actualidad","category-video-news","post_format-post-format-video"],"_links":{"self":[{"href":"https:\/\/primermomento.com\/index.php?rest_route=\/wp\/v2\/posts\/389200","targetHints":{"allow":["GET"]}}],"collection":[{"href":"https:\/\/primermomento.com\/index.php?rest_route=\/wp\/v2\/posts"}],"about":[{"href":"https:\/\/primermomento.com\/index.php?rest_route=\/wp\/v2\/types\/post"}],"author":[{"embeddable":true,"href":"https:\/\/primermomento.com\/index.php?rest_route=\/wp\/v2\/users\/1"}],"replies":[{"embeddable":true,"href":"https:\/\/primermomento.com\/index.php?rest_route=%2Fwp%2Fv2%2Fcomments&post=389200"}],"version-history":[{"count":10,"href":"https:\/\/primermomento.com\/index.php?rest_route=\/wp\/v2\/posts\/389200\/revisions"}],"predecessor-version":[{"id":389265,"href":"https:\/\/primermomento.com\/index.php?rest_route=\/wp\/v2\/posts\/389200\/revisions\/389265"}],"wp:featuredmedia":[{"embeddable":true,"href":"https:\/\/primermomento.com\/index.php?rest_route=\/wp\/v2\/media\/389201"}],"wp:attachment":[{"href":"https:\/\/primermomento.com\/index.php?rest_route=%2Fwp%2Fv2%2Fmedia&parent=389200"}],"wp:term":[{"taxonomy":"category","embeddable":true,"href":"https:\/\/primermomento.com\/index.php?rest_route=%2Fwp%2Fv2%2Fcategories&post=389200"},{"taxonomy":"post_tag","embeddable":true,"href":"https:\/\/primermomento.com\/index.php?rest_route=%2Fwp%2Fv2%2Ftags&post=389200"}],"curies":[{"name":"wp","href":"https:\/\/api.w.org\/{rel}","templated":true}]}}