{"id":389232,"date":"2023-06-07T08:36:00","date_gmt":"2023-06-07T12:36:00","guid":{"rendered":"https:\/\/primermomento.com\/?p=389232"},"modified":"2023-06-07T14:44:12","modified_gmt":"2023-06-07T18:44:12","slug":"papa-francisco-se-sometera-a-operacion-intestinal","status":"publish","type":"post","link":"https:\/\/primermomento.com\/?p=389232","title":{"rendered":"Papa Francisco se someter\u00e1 a operaci\u00f3n intestinal"},"content":{"rendered":"\n<p class=\"wp-block-paragraph\">CIUDAD DEL VATICANO, Roma.- El papa Francisco acudir\u00e1 a un hospital el mi\u00e9rcoles para someterse a una operaci\u00f3n abdominal para tratar un bloqueo intestinal, dos a\u00f1os despu\u00e9s de que se le extirpasen 33 cent\u00edmetros (13 pulgadas) de colon por una inflamaci\u00f3n y estrechamiento del intestino grueso.<\/p>\n\n\n\n<p class=\"wp-block-paragraph\">El Vaticano indic\u00f3 que el pont\u00edfice argentino, de 86 a\u00f1os, estar\u00e1 completamente sedado para el procedimiento que se realizar\u00e1 el mi\u00e9rcoles por la tarde y pasar\u00e1 varios d\u00edas hospitalizado en el Policl\u00ednico Universitario Agostino Gemelli de Roma.<\/p>\n\n\n<div class=\"wp-block-image\">\n<figure class=\"aligncenter size-full\"><img loading=\"lazy\" decoding=\"async\" width=\"1023\" height=\"575\" src=\"https:\/\/primermomento.com\/wp-content\/uploads\/2023\/06\/Papa-Francisco-operacion-1.webp\" alt=\"\" class=\"wp-image-389234\" srcset=\"https:\/\/primermomento.com\/wp-content\/uploads\/2023\/06\/Papa-Francisco-operacion-1.webp 1023w, https:\/\/primermomento.com\/wp-content\/uploads\/2023\/06\/Papa-Francisco-operacion-1-300x169.webp 300w, https:\/\/primermomento.com\/wp-content\/uploads\/2023\/06\/Papa-Francisco-operacion-1-768x432.webp 768w, https:\/\/primermomento.com\/wp-content\/uploads\/2023\/06\/Papa-Francisco-operacion-1-696x391.webp 696w\" sizes=\"auto, (max-width: 1023px) 100vw, 1023px\" \/><\/figure>\n<\/div>\n\n\n<p class=\"wp-block-paragraph\">Seg\u00fan la Santa Sede, Francisco se someter\u00e1 a una \u201claparotom\u00eda y una cirug\u00eda pl\u00e1stica de la pared abdominal con pr\u00f3tesis\u201d para tratar una oclusi\u00f3n intestinal \u201crecurrente, dolorosa y que empeora\u201d.<\/p>\n\n\n\n<p class=\"wp-block-paragraph\">Una laparotom\u00eda es una cirug\u00eda abdominal abierta y puede ayudar al cirujano tanto a diagnosticar como a tratar problemas. Seg\u00fan el comunicado, el papa sufre un<\/p>\n\n\n\n<p class=\"wp-block-paragraph\">Seg\u00fan el comunicado, Francisco padec\u00eda un laparocele, que es una hernia formada sobre una cicatriz anterior.<\/p>\n\n\n\n<p class=\"wp-block-paragraph\">\u201cLa estancia en el centro sanitario durar\u00e1 varios d\u00edas para permitir un postoperatorio normal y una recuperaci\u00f3n funcional completa\u201d, agreg\u00f3 la nota.<\/p>\n\n\n\n<p class=\"wp-block-paragraph\"><a href=\"https:\/\/www.vozdeamerica.com\/a\/papa-en-vaticano-tras-visitar-clinica-de-roma\/7125149.html\"><\/a>En julio de 2021, Francisco pas\u00f3 10 d\u00edas en el mismo hospital para que le extirparan 33 cent\u00edmetros (13 pulgadas) de intestino grueso. Entonces sufr\u00eda lo que, de acuerdo con el Vaticano, era una grave inflamaci\u00f3n y estrechamiento del colon. En una entrevista con The Associated Press en enero, Francisco dijo que la diverticulosis, o las protuberancias en la pared intestinal que motivaron la operaci\u00f3n de 2021, hab\u00eda regresado.<\/p>\n\n\n\n<p class=\"wp-block-paragraph\">Tras esa cirug\u00eda, cont\u00f3 que podr\u00eda comer lo que quisiera, pero lament\u00f3 no haber respondido bien a la anestesia general empleada en un proceso que dur\u00f3 m\u00e1s de lo esperado. Esa reacci\u00f3n explica en parte su negativa a pasar por el quir\u00f3fano para reparar los ligamentos de la rodilla, que le obligan a utilizar una silla de ruedas y un andador desde hace m\u00e1s de un a\u00f1o.<\/p>\n\n\n\n<p class=\"wp-block-paragraph\">El hecho de que vuelva a operarse muestra que no ten\u00eda m\u00e1s opciones que tratar el problema intestinal, especialmente ante los numerosos viajes previstos para este verano.<\/p>\n\n\n\n<p class=\"wp-block-paragraph\">Al pont\u00edfice argentino se le extirp\u00f3 parte de un pulm\u00f3n cuando era joven. Tambi\u00e9n sufre dolores por ci\u00e1tica. A finales de marzo, pas\u00f3 tres d\u00edas en el mismo hospital de la capital italiana por una bronquitis aguda. Fue tratado con antibi\u00f3ticos intravenosos y, cuando recibi\u00f3 el alta el 1 de abril, y brome\u00f3 diciendo que estaba \u201ctodav\u00eda vivo\u201d.<\/p>\n\n\n\n<p class=\"wp-block-paragraph\">Francisco hab\u00eda acudido al centro el martes para someterse a lo que el Vaticano dijo que eran pruebas m\u00e9dicas, pero no ofreci\u00f3 m\u00e1s detalles entonces.<\/p>\n\n\n\n<p class=\"wp-block-paragraph\">El papa parec\u00eda estar en buena forma el mi\u00e9rcoles en la ma\u00f1ana durante su audiencia general semanal en la Plaza de San Pedro, que recorri\u00f3 a bordo de su papam\u00f3vil y saludando a los fieles. Antes, hab\u00eda mantenido dos reuniones, explic\u00f3 la Santa Sede.<\/p>\n\n\n\n<p class=\"wp-block-paragraph\">\u00daltimamente ha tenido una agenda ajetreada, con varias audiencias al d\u00eda. El Vaticano confirm\u00f3 hace poco que realizar\u00e1 varios viajes en agosto, cuando la Santa Sede e Italia suelen tomarse vacaciones, con una visita de cuatro d\u00edas a Portugal en la primera semana de agosto y otro viaje de duraci\u00f3n similar a Mongolia a partir del 31 de agosto.<\/p>\n\n\n\n<p class=\"wp-block-paragraph\">En un indicio de que los viajes segu\u00edan en pie, el Vaticano public\u00f3 el itinerario previsto para la visita del papa a Portugal entre el 2 y el 6 de agosto con motivo del D\u00eda Mundial de la Juventud. El programa confirma la habitual agenda apretada de encuentros protocolarios de una visita de Estado, adem\u00e1s de varios eventos con j\u00f3venes y un viaje de un d\u00eda al santuario de la Virgen de F\u00e1tima.<\/p>\n\n\n\n<p class=\"has-text-align-right wp-block-paragraph\"><em>VOANEWS<\/em><\/p>\n","protected":false},"excerpt":{"rendered":"<p>CIUDAD DEL VATICANO, Roma.- El papa Francisco acudir\u00e1 a un hospital el mi\u00e9rcoles para someterse a una operaci\u00f3n abdominal para tratar un bloqueo intestinal, dos a\u00f1os despu\u00e9s de que se le extirpasen 33 cent\u00edmetros (13 pulgadas) de colon por una inflamaci\u00f3n y estrechamiento del intestino grueso. El Vaticano indic\u00f3 que el pont\u00edfice argentino, de 86 [&hellip;]<\/p>\n","protected":false},"author":1,"featured_media":389233,"comment_status":"open","ping_status":"open","sticky":false,"template":"","format":"video","meta":{"_bbp_topic_count":0,"_bbp_reply_count":0,"_bbp_total_topic_count":0,"_bbp_total_reply_count":0,"_bbp_voice_count":0,"_bbp_anonymous_reply_count":0,"_bbp_topic_count_hidden":0,"_bbp_reply_count_hidden":0,"_bbp_forum_subforum_count":0,"footnotes":""},"categories":[61,106],"tags":[],"class_list":["post-389232","post","type-post","status-publish","format-video","has-post-thumbnail","category-mundo","category-video-news","post_format-post-format-video"],"_links":{"self":[{"href":"https:\/\/primermomento.com\/index.php?rest_route=\/wp\/v2\/posts\/389232","targetHints":{"allow":["GET"]}}],"collection":[{"href":"https:\/\/primermomento.com\/index.php?rest_route=\/wp\/v2\/posts"}],"about":[{"href":"https:\/\/primermomento.com\/index.php?rest_route=\/wp\/v2\/types\/post"}],"author":[{"embeddable":true,"href":"https:\/\/primermomento.com\/index.php?rest_route=\/wp\/v2\/users\/1"}],"replies":[{"embeddable":true,"href":"https:\/\/primermomento.com\/index.php?rest_route=%2Fwp%2Fv2%2Fcomments&post=389232"}],"version-history":[{"count":1,"href":"https:\/\/primermomento.com\/index.php?rest_route=\/wp\/v2\/posts\/389232\/revisions"}],"predecessor-version":[{"id":389235,"href":"https:\/\/primermomento.com\/index.php?rest_route=\/wp\/v2\/posts\/389232\/revisions\/389235"}],"wp:featuredmedia":[{"embeddable":true,"href":"https:\/\/primermomento.com\/index.php?rest_route=\/wp\/v2\/media\/389233"}],"wp:attachment":[{"href":"https:\/\/primermomento.com\/index.php?rest_route=%2Fwp%2Fv2%2Fmedia&parent=389232"}],"wp:term":[{"taxonomy":"category","embeddable":true,"href":"https:\/\/primermomento.com\/index.php?rest_route=%2Fwp%2Fv2%2Fcategories&post=389232"},{"taxonomy":"post_tag","embeddable":true,"href":"https:\/\/primermomento.com\/index.php?rest_route=%2Fwp%2Fv2%2Ftags&post=389232"}],"curies":[{"name":"wp","href":"https:\/\/api.w.org\/{rel}","templated":true}]}}