{"id":389424,"date":"2023-06-08T21:15:50","date_gmt":"2023-06-09T01:15:50","guid":{"rendered":"https:\/\/primermomento.com\/?p=389424"},"modified":"2023-06-09T10:45:36","modified_gmt":"2023-06-09T14:45:36","slug":"trump-es-encausado-por-mal-manejo-de-documentos-clasificados","status":"publish","type":"post","link":"https:\/\/primermomento.com\/?p=389424","title":{"rendered":"Expresidente Donald Trump es encausado por mal manejo de documentos clasificados"},"content":{"rendered":"\n<p class=\"wp-block-paragraph\">WASHINGTON, EEUU.- El expresidente de Estados Unidos Donald Trump escribi\u00f3 este jueves en redes sociales que la administraci\u00f3n del presidente Joe Biden habr\u00eda informado a sus abogados de que ha sido acusado.<\/p>\n\n\n\n<p class=\"wp-block-paragraph\">\u00abLa corrupta Administraci\u00f3n Biden ha informado a mis abogados de que he sido acusado, aparentemente por el Enga\u00f1o de las Cajas\u00bb, escribi\u00f3 Trump en su plataforma Truth Social.<\/p>\n\n\n\n<p class=\"wp-block-paragraph\">\u201cEste es realmente un d\u00eda oscuro para Estados Unidos de Am\u00e9rica\u201d, public\u00f3 Trump. \u201cSomos un pa\u00eds en un grave y r\u00e1pido declive, \u00a1pero juntos haremos grande a Estados Unidos otra vez!\u201d<\/p>\n\n\n<div class=\"wp-block-image\">\n<figure class=\"aligncenter size-full\"><img loading=\"lazy\" decoding=\"async\" width=\"1023\" height=\"575\" src=\"https:\/\/primermomento.com\/wp-content\/uploads\/2023\/06\/Trump-encausado-1.webp\" alt=\"\" class=\"wp-image-389436\" srcset=\"https:\/\/primermomento.com\/wp-content\/uploads\/2023\/06\/Trump-encausado-1.webp 1023w, https:\/\/primermomento.com\/wp-content\/uploads\/2023\/06\/Trump-encausado-1-300x169.webp 300w, https:\/\/primermomento.com\/wp-content\/uploads\/2023\/06\/Trump-encausado-1-768x432.webp 768w, https:\/\/primermomento.com\/wp-content\/uploads\/2023\/06\/Trump-encausado-1-696x391.webp 696w\" sizes=\"auto, (max-width: 1023px) 100vw, 1023px\" \/><\/figure>\n<\/div>\n\n\n<p class=\"has-text-align-center wp-block-paragraph\"><em>El expresidente Donald Trump habla con los periodistas despu\u00e9s de un mitin de campa\u00f1a en el Aeropuerto Regional de Waco, en Waco, Texas, el 25 de marzo de 2023.<\/em><\/p>\n\n\n\n<p class=\"wp-block-paragraph\">Trump escribi\u00f3 luego que hab\u00eda sido citado para comparecer en el tribunal federal de Miami el martes.<\/p>\n\n\n\n<p class=\"wp-block-paragraph\">El expresidente no aport\u00f3 pruebas. El Departamento de Justicia no ha confirmado p\u00fablicamente la acusaci\u00f3n. Pero dos personas familiarizadas con la situaci\u00f3n que no estaban autorizadas a discutirla p\u00fablicamente dijeron a The Associated Press que la acusaci\u00f3n contiene siete cargos penales. Una de las personas dijo que el equipo de Trump hab\u00eda sido contactado por los fiscales poco antes de que el exmandatario anunciara en su plataforma Truth Social que hab\u00eda sido encausado.<\/p>\n\n\n\n<p class=\"wp-block-paragraph\">Los siete cargos estar\u00edan relacionados con el manejo de documentos clasificados y obstrucci\u00f3n de la justicia. Reuters report\u00f3 citando fuentes que Trump hab\u00eda sido acusado por un gran jurado federal de retenci\u00f3n de documentos clasificados del gobierno y obstrucci\u00f3n a la justicia.<\/p>\n\n\n\n<p class=\"wp-block-paragraph\">Reuters no pudo saber de inmediato a qu\u00e9 cargos concretos se enfrenta el expresidente. En una declaraci\u00f3n jurada ante un tribunal federal el a\u00f1o pasado, un agente del FBI dijo que hab\u00eda causa probable para creer que se hab\u00edan cometido varios delitos, entre ellos obstrucci\u00f3n y retenci\u00f3n ilegal de registros delicados de defensa.<\/p>\n\n\n\n<p class=\"wp-block-paragraph\">El Departamento de Justicia de Estados Unidos ha estado investigando si Trump manipul\u00f3 indebidamente documentos clasificados que conserv\u00f3 tras abandonar la Casa Blanca en 2021.<\/p>\n\n\n\n<p class=\"wp-block-paragraph\">Los investigadores incautaron unos 13.000 documentos en Mar-a-Lago, la residencia del expresidente en Palm Beach, Florida, hace casi un a\u00f1o. Cien estaban marcados como clasificados, a pesar de que uno de los abogados de Trump hab\u00eda dicho previamente que todos los registros con marcas clasificadas hab\u00edan sido devueltos al gobierno.<\/p>\n\n\n\n<p class=\"has-text-align-right wp-block-paragraph\"><em>VOANEWS, con informaci\u00f3n de Reuters y The Associated Press<\/em><\/p>\n","protected":false},"excerpt":{"rendered":"<p>WASHINGTON, EEUU.- El expresidente de Estados Unidos Donald Trump escribi\u00f3 este jueves en redes sociales que la administraci\u00f3n del presidente Joe Biden habr\u00eda informado a sus abogados de que ha sido acusado. \u00abLa corrupta Administraci\u00f3n Biden ha informado a mis abogados de que he sido acusado, aparentemente por el Enga\u00f1o de las Cajas\u00bb, escribi\u00f3 Trump [&hellip;]<\/p>\n","protected":false},"author":1,"featured_media":389425,"comment_status":"open","ping_status":"open","sticky":false,"template":"","format":"video","meta":{"_bbp_topic_count":0,"_bbp_reply_count":0,"_bbp_total_topic_count":0,"_bbp_total_reply_count":0,"_bbp_voice_count":0,"_bbp_anonymous_reply_count":0,"_bbp_topic_count_hidden":0,"_bbp_reply_count_hidden":0,"_bbp_forum_subforum_count":0,"footnotes":""},"categories":[61,106],"tags":[],"class_list":["post-389424","post","type-post","status-publish","format-video","has-post-thumbnail","category-mundo","category-video-news","post_format-post-format-video"],"_links":{"self":[{"href":"https:\/\/primermomento.com\/index.php?rest_route=\/wp\/v2\/posts\/389424","targetHints":{"allow":["GET"]}}],"collection":[{"href":"https:\/\/primermomento.com\/index.php?rest_route=\/wp\/v2\/posts"}],"about":[{"href":"https:\/\/primermomento.com\/index.php?rest_route=\/wp\/v2\/types\/post"}],"author":[{"embeddable":true,"href":"https:\/\/primermomento.com\/index.php?rest_route=\/wp\/v2\/users\/1"}],"replies":[{"embeddable":true,"href":"https:\/\/primermomento.com\/index.php?rest_route=%2Fwp%2Fv2%2Fcomments&post=389424"}],"version-history":[{"count":8,"href":"https:\/\/primermomento.com\/index.php?rest_route=\/wp\/v2\/posts\/389424\/revisions"}],"predecessor-version":[{"id":389437,"href":"https:\/\/primermomento.com\/index.php?rest_route=\/wp\/v2\/posts\/389424\/revisions\/389437"}],"wp:featuredmedia":[{"embeddable":true,"href":"https:\/\/primermomento.com\/index.php?rest_route=\/wp\/v2\/media\/389425"}],"wp:attachment":[{"href":"https:\/\/primermomento.com\/index.php?rest_route=%2Fwp%2Fv2%2Fmedia&parent=389424"}],"wp:term":[{"taxonomy":"category","embeddable":true,"href":"https:\/\/primermomento.com\/index.php?rest_route=%2Fwp%2Fv2%2Fcategories&post=389424"},{"taxonomy":"post_tag","embeddable":true,"href":"https:\/\/primermomento.com\/index.php?rest_route=%2Fwp%2Fv2%2Ftags&post=389424"}],"curies":[{"name":"wp","href":"https:\/\/api.w.org\/{rel}","templated":true}]}}