{"id":389445,"date":"2023-06-09T10:45:08","date_gmt":"2023-06-09T14:45:08","guid":{"rendered":"https:\/\/primermomento.com\/?p=389445"},"modified":"2023-06-09T16:55:32","modified_gmt":"2023-06-09T20:55:32","slug":"solucion-a-la-contaminacion-por-plastico-es-un-reto-en-dominicana","status":"publish","type":"post","link":"https:\/\/primermomento.com\/?p=389445","title":{"rendered":"Soluci\u00f3n a la contaminaci\u00f3n por pl\u00e1stico es un reto en Dominicana"},"content":{"rendered":"\n<p class=\"wp-block-paragraph\">SANTO DOMINGO, Rep\u00fablica Dominicana.- El viceministro dominicano de Recursos Costeros-Marinos, Jos\u00e9 Ram\u00f3n Reyes, sostuvo hoy que la contaminaci\u00f3n por pl\u00e1stico constituye uno de los retos a enfrentar por el pa\u00eds para la conservaci\u00f3n del mar Caribe.<\/p>\n\n\n\n<p class=\"wp-block-paragraph\">Acerca de los proyectos de protecci\u00f3n, Reyes cit\u00f3 la identificaci\u00f3n de zonas para la restauraci\u00f3n de ecosistemas depredados.<\/p>\n\n\n\n<figure class=\"wp-block-image size-full\"><img loading=\"lazy\" decoding=\"async\" width=\"792\" height=\"577\" src=\"https:\/\/primermomento.com\/wp-content\/uploads\/2023\/05\/Jose-Ramon-Reyes.jpg\" alt=\"\" class=\"wp-image-388684\" srcset=\"https:\/\/primermomento.com\/wp-content\/uploads\/2023\/05\/Jose-Ramon-Reyes.jpg 792w, https:\/\/primermomento.com\/wp-content\/uploads\/2023\/05\/Jose-Ramon-Reyes-300x219.jpg 300w, https:\/\/primermomento.com\/wp-content\/uploads\/2023\/05\/Jose-Ramon-Reyes-768x560.jpg 768w, https:\/\/primermomento.com\/wp-content\/uploads\/2023\/05\/Jose-Ramon-Reyes-696x507.jpg 696w\" sizes=\"auto, (max-width: 792px) 100vw, 792px\" \/><figcaption class=\"wp-element-caption\">Jos\u00e9 Ram\u00f3n Reyes <\/figcaption><\/figure>\n\n\n\n<p class=\"wp-block-paragraph\">En ese sentido, indic\u00f3 que estudios confirman la p\u00e9rdida de unos 27 kil\u00f3metros cuadrados de ecosistemas marinos desde el 2011 al 2020, en particular humedales, manglares y zonas de playa a nivel nacional.<\/p>\n\n\n\n<p class=\"wp-block-paragraph\">Otra iniciativa, explic\u00f3 el vicetitular de Recursos Costeros del ministerio de Medio Ambiente, es el reclutamiento de personal guardacostas para la protecci\u00f3n de manglares.<\/p>\n\n\n\n<p class=\"wp-block-paragraph\">La v\u00edspera, en ocasi\u00f3n de conmemorarse el D\u00eda Mundial de los Oc\u00e9anos, las autoridades locales desarrollaron una jornada de limpieza de fondos marinos en la playa Los Cuadritos de San Crist\u00f3bal (suroeste), sin embargo, reconocen que esta es una labor de todos los d\u00edas.<\/p>\n\n\n\n<p class=\"wp-block-paragraph\">Sobre el mismo tema, Rub\u00e9n Torres, presidente de la Fundaci\u00f3n Reef Check, comunic\u00f3 a Diario Libre que en septiembre pr\u00f3ximo se presentar\u00e1n los resultados de un programa de monitoreo de la salud de los arrecifes de Rep\u00fablica Dominicana.<\/p>\n\n\n\n<p class=\"wp-block-paragraph\">Explic\u00f3 que con esta investigaci\u00f3n se busca que las autoridades tengan informaci\u00f3n actualizada, con bases cient\u00edficas.<\/p>\n\n\n\n<p class=\"has-text-align-right wp-block-paragraph\"><em>PL<\/em><\/p>\n","protected":false},"excerpt":{"rendered":"<p>SANTO DOMINGO, Rep\u00fablica Dominicana.- El viceministro dominicano de Recursos Costeros-Marinos, Jos\u00e9 Ram\u00f3n Reyes, sostuvo hoy que la contaminaci\u00f3n por pl\u00e1stico constituye uno de los retos a enfrentar por el pa\u00eds para la conservaci\u00f3n del mar Caribe. Acerca de los proyectos de protecci\u00f3n, Reyes cit\u00f3 la identificaci\u00f3n de zonas para la restauraci\u00f3n de ecosistemas depredados. En [&hellip;]<\/p>\n","protected":false},"author":1,"featured_media":388684,"comment_status":"open","ping_status":"open","sticky":false,"template":"","format":"video","meta":{"_bbp_topic_count":0,"_bbp_reply_count":0,"_bbp_total_topic_count":0,"_bbp_total_reply_count":0,"_bbp_voice_count":0,"_bbp_anonymous_reply_count":0,"_bbp_topic_count_hidden":0,"_bbp_reply_count_hidden":0,"_bbp_forum_subforum_count":0,"footnotes":""},"categories":[37,106],"tags":[],"class_list":["post-389445","post","type-post","status-publish","format-video","has-post-thumbnail","category-ciencia-tecnologia","category-video-news","post_format-post-format-video"],"_links":{"self":[{"href":"https:\/\/primermomento.com\/index.php?rest_route=\/wp\/v2\/posts\/389445","targetHints":{"allow":["GET"]}}],"collection":[{"href":"https:\/\/primermomento.com\/index.php?rest_route=\/wp\/v2\/posts"}],"about":[{"href":"https:\/\/primermomento.com\/index.php?rest_route=\/wp\/v2\/types\/post"}],"author":[{"embeddable":true,"href":"https:\/\/primermomento.com\/index.php?rest_route=\/wp\/v2\/users\/1"}],"replies":[{"embeddable":true,"href":"https:\/\/primermomento.com\/index.php?rest_route=%2Fwp%2Fv2%2Fcomments&post=389445"}],"version-history":[{"count":2,"href":"https:\/\/primermomento.com\/index.php?rest_route=\/wp\/v2\/posts\/389445\/revisions"}],"predecessor-version":[{"id":389448,"href":"https:\/\/primermomento.com\/index.php?rest_route=\/wp\/v2\/posts\/389445\/revisions\/389448"}],"wp:featuredmedia":[{"embeddable":true,"href":"https:\/\/primermomento.com\/index.php?rest_route=\/wp\/v2\/media\/388684"}],"wp:attachment":[{"href":"https:\/\/primermomento.com\/index.php?rest_route=%2Fwp%2Fv2%2Fmedia&parent=389445"}],"wp:term":[{"taxonomy":"category","embeddable":true,"href":"https:\/\/primermomento.com\/index.php?rest_route=%2Fwp%2Fv2%2Fcategories&post=389445"},{"taxonomy":"post_tag","embeddable":true,"href":"https:\/\/primermomento.com\/index.php?rest_route=%2Fwp%2Fv2%2Ftags&post=389445"}],"curies":[{"name":"wp","href":"https:\/\/api.w.org\/{rel}","templated":true}]}}