{"id":389473,"date":"2023-06-09T12:47:15","date_gmt":"2023-06-09T16:47:15","guid":{"rendered":"https:\/\/primermomento.com\/?p=389473"},"modified":"2023-06-09T16:56:44","modified_gmt":"2023-06-09T20:56:44","slug":"bani-piden-al-presidente-abinader-intervenir-en-caso-de-jovenes-condenados-a-47-anos-de-carcel-en-mexico","status":"publish","type":"post","link":"https:\/\/primermomento.com\/?p=389473","title":{"rendered":"BAN\u00cd | Piden al presidente Abinader intervenir en caso de j\u00f3venes condenados a 47 a\u00f1os de c\u00e1rcel en M\u00e9xico"},"content":{"rendered":"\n<p class=\"wp-block-paragraph\">SANTO DOMINGO, Rep\u00fablica Dominicana.- El diputado por la provincia Peravia, Luis B\u00e1ez, pidi\u00f3 al presidente de la Rep\u00fablica, Luis Abinader, que intervenga en el caso de seis j\u00f3venes banilejos arrestados y condenados injustamente en M\u00e9xico.<\/p>\n\n\n\n<p class=\"wp-block-paragraph\">Los seis j\u00f3venes condenados a 47 a\u00f1os de c\u00e1rcel son Jos\u00e9 Aljely Lugo Aquino, Charin Arias Gonz\u00e1lez, V\u00edctor Manuel Lugo Cabrera, Wilis Antonio M\u00e9ndez Cruz, Ysamar S\u00e1nchez Franco, \u00c1ngela Mar\u00eda Arias Franco, oriundos de los distritos municipales El Limonar, El Carret\u00f3n&nbsp;y&nbsp;Catalina. Est\u00e1n acusados de violaci\u00f3n y acoso sexual a una menor&nbsp;de&nbsp;edad.<\/p>\n\n\n\n<p class=\"wp-block-paragraph\">B\u00e1ez denunci\u00f3 este mi\u00e9rcoles que seis j\u00f3venes banilejos, que intentaban desde M\u00e9xico ingresar ilegalmente a Estados Unidos, fueron sentenciados a 47 a\u00f1os de c\u00e1rcel por una alegada violaci\u00f3n sexual en cuyo expediente acusatorio no se han presentado evidencias.<\/p>\n\n\n\n<p class=\"wp-block-paragraph\">El diputado convoc\u00f3 una rueda de prensa en el Congreso Nacional, en la que se hizo acompa\u00f1ar del abogado mexicano, Mario Fern\u00e1ndez, quien es representante legal de uno de los j\u00f3venes que responde al nombre de Willys Antonio M\u00e9ndez, principal encartado en el caso por el cual recibieron la sentencia.<\/p>\n\n\n\n<figure class=\"wp-block-embed is-type-video is-provider-youtube wp-block-embed-youtube wp-embed-aspect-16-9 wp-has-aspect-ratio\"><div class=\"wp-block-embed__wrapper\">\n<iframe loading=\"lazy\" title=\"Abogado mexicano afirma hubo detenci\u00f3n ilegal con los seis j\u00f3venes banilejos arrestados en M\u00e9xico\" width=\"696\" height=\"392\" src=\"https:\/\/www.youtube.com\/embed\/9HdUy9tbpcQ?start=1&#038;feature=oembed\" frameborder=\"0\" allow=\"accelerometer; autoplay; clipboard-write; encrypted-media; gyroscope; picture-in-picture; web-share\" allowfullscreen><\/iframe>\n<\/div><\/figure>\n\n\n\n<p class=\"wp-block-paragraph\">El abogado Fern\u00e1ndez explic\u00f3 que a estos j\u00f3venes le fueron violentados todos sus derechos y que el proceso no estuvo apegado a lo que establecen las leyes mexicanas, adem\u00e1s, no hay elementos suficientes que demuestren su culpabilidad.<\/p>\n\n\n\n<p class=\"wp-block-paragraph\">Mario Fern\u00e1ndez tambi\u00e9n se\u00f1al\u00f3 que las autoridades de M\u00e9xico incurrieron en faltas graves, ya que la detenci\u00f3n de estos j\u00f3venes no fue notificada al Consulado dominicano en ese pa\u00eds.<\/p>\n\n\n\n<p class=\"wp-block-paragraph\">Agreg\u00f3 que la alegada v\u00edctima, a la que no identific\u00f3, ha cambiado la versi\u00f3n de lo sucedido en varias ocasiones y que no existe una prueba legal que confirme si en efecto fue agredida sexualmente por los dominicanos.<\/p>\n\n\n\n<figure class=\"wp-block-image size-full\"><img loading=\"lazy\" decoding=\"async\" width=\"676\" height=\"536\" src=\"https:\/\/primermomento.com\/wp-content\/uploads\/2023\/06\/Diputado-y-abogado-mexicano.jpg\" alt=\"\" class=\"wp-image-389475\" srcset=\"https:\/\/primermomento.com\/wp-content\/uploads\/2023\/06\/Diputado-y-abogado-mexicano.jpg 676w, https:\/\/primermomento.com\/wp-content\/uploads\/2023\/06\/Diputado-y-abogado-mexicano-300x238.jpg 300w\" sizes=\"auto, (max-width: 676px) 100vw, 676px\" \/><\/figure>\n\n\n\n<p class=\"wp-block-paragraph\"><em>El diputado Luis B\u00e1ez y el abogado mexicano Mario Fern\u00e1ndez cuando explicaban el caso.<\/em><\/p>\n\n\n\n<p class=\"wp-block-paragraph\">El legislador Luis B\u00e1ez y el jurista solicitaron al Ministerio de Relaciones Exteriores que asuma el caso de los seis j\u00f3venes dominicanos, para que sean retirados los cargos que les imputan en M\u00e9xico y deportados a la Rep\u00fablica Dominicana.<\/p>\n\n\n\n<p class=\"wp-block-paragraph\">Ayer jueves, El Muchachito, junto al jurista se reuni\u00f3 con los familiares de los seis j\u00f3venes y acordaron realizar otro encuentro el pr\u00f3ximo lunes 12 de junio, al que ser\u00e1n convocados la gobernadora, el senador, los diputados, entre otros.<\/p>\n","protected":false},"excerpt":{"rendered":"<p>SANTO DOMINGO, Rep\u00fablica Dominicana.- El diputado por la provincia Peravia, Luis B\u00e1ez, pidi\u00f3 al presidente de la Rep\u00fablica, Luis Abinader, que intervenga en el caso de seis j\u00f3venes banilejos arrestados y condenados injustamente en M\u00e9xico. Los seis j\u00f3venes condenados a 47 a\u00f1os de c\u00e1rcel son Jos\u00e9 Aljely Lugo Aquino, Charin Arias Gonz\u00e1lez, V\u00edctor Manuel Lugo [&hellip;]<\/p>\n","protected":false},"author":1,"featured_media":389474,"comment_status":"open","ping_status":"open","sticky":false,"template":"","format":"video","meta":{"_bbp_topic_count":0,"_bbp_reply_count":0,"_bbp_total_topic_count":0,"_bbp_total_reply_count":0,"_bbp_voice_count":0,"_bbp_anonymous_reply_count":0,"_bbp_topic_count_hidden":0,"_bbp_reply_count_hidden":0,"_bbp_forum_subforum_count":0,"footnotes":""},"categories":[32,106],"tags":[],"class_list":["post-389473","post","type-post","status-publish","format-video","has-post-thumbnail","category-lo-ultimo","category-video-news","post_format-post-format-video"],"_links":{"self":[{"href":"https:\/\/primermomento.com\/index.php?rest_route=\/wp\/v2\/posts\/389473","targetHints":{"allow":["GET"]}}],"collection":[{"href":"https:\/\/primermomento.com\/index.php?rest_route=\/wp\/v2\/posts"}],"about":[{"href":"https:\/\/primermomento.com\/index.php?rest_route=\/wp\/v2\/types\/post"}],"author":[{"embeddable":true,"href":"https:\/\/primermomento.com\/index.php?rest_route=\/wp\/v2\/users\/1"}],"replies":[{"embeddable":true,"href":"https:\/\/primermomento.com\/index.php?rest_route=%2Fwp%2Fv2%2Fcomments&post=389473"}],"version-history":[{"count":4,"href":"https:\/\/primermomento.com\/index.php?rest_route=\/wp\/v2\/posts\/389473\/revisions"}],"predecessor-version":[{"id":389500,"href":"https:\/\/primermomento.com\/index.php?rest_route=\/wp\/v2\/posts\/389473\/revisions\/389500"}],"wp:featuredmedia":[{"embeddable":true,"href":"https:\/\/primermomento.com\/index.php?rest_route=\/wp\/v2\/media\/389474"}],"wp:attachment":[{"href":"https:\/\/primermomento.com\/index.php?rest_route=%2Fwp%2Fv2%2Fmedia&parent=389473"}],"wp:term":[{"taxonomy":"category","embeddable":true,"href":"https:\/\/primermomento.com\/index.php?rest_route=%2Fwp%2Fv2%2Fcategories&post=389473"},{"taxonomy":"post_tag","embeddable":true,"href":"https:\/\/primermomento.com\/index.php?rest_route=%2Fwp%2Fv2%2Ftags&post=389473"}],"curies":[{"name":"wp","href":"https:\/\/api.w.org\/{rel}","templated":true}]}}