{"id":389513,"date":"2023-06-09T18:23:56","date_gmt":"2023-06-09T22:23:56","guid":{"rendered":"https:\/\/primermomento.com\/?p=389513"},"modified":"2023-06-10T09:39:32","modified_gmt":"2023-06-10T13:39:32","slug":"banl-fernandez-mirabal-apoya-a-orlandito-tejeda-como-candidato-a-senador","status":"publish","type":"post","link":"https:\/\/primermomento.com\/?p=389513","title":{"rendered":"BAN\u013a | Fern\u00e1ndez Mirabal apoya a Orlandito Tejeda como candidato a senador por el PLD"},"content":{"rendered":"\n<ul class=\"wp-block-list\">\n<li><strong>El exvicemandatario manifest\u00f3 que la del joven empresario es una candidatura de consenso, porque la mayor\u00eda tiene conciencia de que este es un momento para lo nuevo en el PLD.<\/strong><\/li>\n<\/ul>\n\n\n\n<p class=\"wp-block-paragraph\">BAN\u013a, Rep\u00fablica Dominicana.- El exvicepresidente de la Rep\u00fablica, Jaime David Fern\u00e1ndez Mirabal, vino a la Feria Expo Mango 2023 a respaldar al aspirante a senador por el PLD, Orlandito Tejeda.<\/p>\n\n\n\n<p class=\"wp-block-paragraph\">El miembro del Comit\u00e9 Pol\u00edtico del opositor Partido de la Liberaci\u00f3n Dominicana, fue entrevistado en varias plataformas y medios locales, y a su salida agradeci\u00f3 el calor de los banilejos, al tiempo que felicit\u00f3 a los organizadores del evento.<\/p>\n\n\n<div class=\"wp-block-image\">\n<figure class=\"aligncenter size-full\"><img loading=\"lazy\" decoding=\"async\" width=\"640\" height=\"512\" src=\"https:\/\/primermomento.com\/wp-content\/uploads\/2023\/06\/Orlandito-y-Jaime-David.jpg\" alt=\"\" class=\"wp-image-389515\" srcset=\"https:\/\/primermomento.com\/wp-content\/uploads\/2023\/06\/Orlandito-y-Jaime-David.jpg 640w, https:\/\/primermomento.com\/wp-content\/uploads\/2023\/06\/Orlandito-y-Jaime-David-300x240.jpg 300w\" sizes=\"auto, (max-width: 640px) 100vw, 640px\" \/><\/figure>\n<\/div>\n\n\n<p class=\"wp-block-paragraph\">Acompa\u00f1aron a Fern\u00e1ndez Mirabal, la diputada Mercedes Rodr\u00edguez y una comitiva integrada por Filpo Mej\u00eda, Yunior Troncoso, regidor del Distrito Municipal Villa Sombrero, la presidenta Municipal de Nizao, \u00c1ngela Valdez, el candidato a director de la Junta Distrital de Catalina, Jos\u00e9 Miguel Reynoso, y el presidente intermedio del PLD Michael Aybar, entre otros dirigentes.<\/p>\n\n\n\n<p class=\"wp-block-paragraph\">La nota informativa indica que ellos disfrutaron de la variedad de mangos ofrecida en la Feria 2023, degustaron dulces y helados de esta fruta.<\/p>\n\n\n\n<p class=\"wp-block-paragraph\"><\/p>\n","protected":false},"excerpt":{"rendered":"<p>BAN\u013a, Rep\u00fablica Dominicana.- El exvicepresidente de la Rep\u00fablica, Jaime David Fern\u00e1ndez Mirabal, vino a la Feria Expo Mango 2023 a respaldar al aspirante a senador por el PLD, Orlandito Tejeda. El miembro del Comit\u00e9 Pol\u00edtico del opositor Partido de la Liberaci\u00f3n Dominicana, fue entrevistado en varias plataformas y medios locales, y a su salida agradeci\u00f3 [&hellip;]<\/p>\n","protected":false},"author":1,"featured_media":389514,"comment_status":"open","ping_status":"open","sticky":false,"template":"","format":"video","meta":{"_bbp_topic_count":0,"_bbp_reply_count":0,"_bbp_total_topic_count":0,"_bbp_total_reply_count":0,"_bbp_voice_count":0,"_bbp_anonymous_reply_count":0,"_bbp_topic_count_hidden":0,"_bbp_reply_count_hidden":0,"_bbp_forum_subforum_count":0,"footnotes":""},"categories":[31,106],"tags":[],"class_list":["post-389513","post","type-post","status-publish","format-video","has-post-thumbnail","category-estados-unidos","category-video-news","post_format-post-format-video"],"_links":{"self":[{"href":"https:\/\/primermomento.com\/index.php?rest_route=\/wp\/v2\/posts\/389513","targetHints":{"allow":["GET"]}}],"collection":[{"href":"https:\/\/primermomento.com\/index.php?rest_route=\/wp\/v2\/posts"}],"about":[{"href":"https:\/\/primermomento.com\/index.php?rest_route=\/wp\/v2\/types\/post"}],"author":[{"embeddable":true,"href":"https:\/\/primermomento.com\/index.php?rest_route=\/wp\/v2\/users\/1"}],"replies":[{"embeddable":true,"href":"https:\/\/primermomento.com\/index.php?rest_route=%2Fwp%2Fv2%2Fcomments&post=389513"}],"version-history":[{"count":7,"href":"https:\/\/primermomento.com\/index.php?rest_route=\/wp\/v2\/posts\/389513\/revisions"}],"predecessor-version":[{"id":389532,"href":"https:\/\/primermomento.com\/index.php?rest_route=\/wp\/v2\/posts\/389513\/revisions\/389532"}],"wp:featuredmedia":[{"embeddable":true,"href":"https:\/\/primermomento.com\/index.php?rest_route=\/wp\/v2\/media\/389514"}],"wp:attachment":[{"href":"https:\/\/primermomento.com\/index.php?rest_route=%2Fwp%2Fv2%2Fmedia&parent=389513"}],"wp:term":[{"taxonomy":"category","embeddable":true,"href":"https:\/\/primermomento.com\/index.php?rest_route=%2Fwp%2Fv2%2Fcategories&post=389513"},{"taxonomy":"post_tag","embeddable":true,"href":"https:\/\/primermomento.com\/index.php?rest_route=%2Fwp%2Fv2%2Ftags&post=389513"}],"curies":[{"name":"wp","href":"https:\/\/api.w.org\/{rel}","templated":true}]}}