{"id":389567,"date":"2023-06-10T10:56:52","date_gmt":"2023-06-10T14:56:52","guid":{"rendered":"https:\/\/primermomento.com\/?p=389567"},"modified":"2023-06-10T11:05:31","modified_gmt":"2023-06-10T15:05:31","slug":"encuentran-con-vida-a-4-ninos-desaparecidos-por-mas-de-un-mes-en-la-selva","status":"publish","type":"post","link":"https:\/\/primermomento.com\/?p=389567","title":{"rendered":"Encuentran con vida a 4 ni\u00f1os desaparecidos por m\u00e1s de un mes en la selva"},"content":{"rendered":"\n<p class=\"wp-block-paragraph\">BOGOT\u00c1, Colombia.- El presidente de Colombia, Gustavo Petro, anunci\u00f3 el viernes que encontraron con vida a los cuatro ni\u00f1os desaparecidos durante 40 d\u00edas en la selva, tras un accidente de avioneta el pasado 1 de mayo, en un caso que ha mantenido en vilo a los colombianos y que ahora \u201cquedar\u00e1 en la historia\u201d, declar\u00f3 el mandatario.<\/p>\n\n\n\n<p class=\"wp-block-paragraph\">Los ni\u00f1os estaban solos y reciben atenci\u00f3n m\u00e9dica, cont\u00f3 Petro a la prensa a su regreso a Bogot\u00e1 desde Cuba, a donde acudi\u00f3 a firmar un acuerdo de cese al fuego con la guerrilla del Ej\u00e9rcito de Liberaci\u00f3n Nacional.<\/p>\n\n\n<div class=\"wp-block-image\">\n<figure class=\"aligncenter size-full\"><img loading=\"lazy\" decoding=\"async\" width=\"676\" height=\"380\" src=\"https:\/\/primermomento.com\/wp-content\/uploads\/2023\/06\/encuentran-menores-desaparecidos-2.jpg\" alt=\"\" class=\"wp-image-389570\" srcset=\"https:\/\/primermomento.com\/wp-content\/uploads\/2023\/06\/encuentran-menores-desaparecidos-2.jpg 676w, https:\/\/primermomento.com\/wp-content\/uploads\/2023\/06\/encuentran-menores-desaparecidos-2-300x169.jpg 300w\" sizes=\"auto, (max-width: 676px) 100vw, 676px\" \/><\/figure>\n<\/div>\n\n\n<p class=\"wp-block-paragraph\"><em>En esta foto publicada por la Oficina de Prensa de las Fuerzas Armadas de Colombia, soldados e ind\u00edgenas posan para una foto con los cuatro hermanos ind\u00edgenas que desaparecieron despu\u00e9s de un accidente a\u00e9reo en la selva. (Oficina de Prensa de la Fuerza Armada de Colombia v\u00eda AP)<\/em><\/p>\n\n\n\n<p class=\"wp-block-paragraph\">El mandatario dijo que los menores -de 13, 9 y 4 a\u00f1os y un beb\u00e9 de 11 meses- son un \u201cejemplo de sobrevivencia\u201d, tras permanecer m\u00e1s de un mes perdidos en la selva despu\u00e9s de estrellarse la avioneta en la que viajaban con su mam\u00e1, quien falleci\u00f3 en el accidente.<\/p>\n\n\n\n<p class=\"wp-block-paragraph\">La b\u00fasqueda en la selva la realizaron soldados e ind\u00edgenas de comunidades de la zona. Las fuerzas armadas hab\u00edan dicho desde el principio que manten\u00edan la esperanza de encontrarlos con vida.<\/p>\n\n\n\n<p class=\"wp-block-paragraph\">De hecho, cuando se cumpli\u00f3 un mes del accidente a\u00e9reo, los equipos de b\u00fasqueda informaron que hab\u00edan encontrado huellas humanas a 3,2 kil\u00f3metros al noroeste del lugar donde cay\u00f3 aeronave en la que viajaban tres adultos y los cuatro menores. Con esa pista y ante el paso de los d\u00edas sin hallar ning\u00fan cuerpo, se mantuvo la esperanza de que los menores segu\u00edan con vida, que hab\u00edan cambiado de rumbo, que estaban solos y luchando por sobrevivir.<\/p>\n\n\n\n<p class=\"wp-block-paragraph\">La avioneta Cessna C206 en la que viajaban los siete ocupantes el pasado 1 de mayo se estrell\u00f3 en la ruta hacia Araracuara a San Jos\u00e9 del Guaviare, en el centro de Colombia, cuando report\u00f3 una falla en el motor.<\/p>\n\n\n\n<p class=\"has-text-align-right wp-block-paragraph\"><em>VOANEWS<\/em><\/p>\n","protected":false},"excerpt":{"rendered":"<p>BOGOT\u00c1, Colombia.- El presidente de Colombia, Gustavo Petro, anunci\u00f3 el viernes que encontraron con vida a los cuatro ni\u00f1os desaparecidos durante 40 d\u00edas en la selva, tras un accidente de avioneta el pasado 1 de mayo, en un caso que ha mantenido en vilo a los colombianos y que ahora \u201cquedar\u00e1 en la historia\u201d, declar\u00f3 [&hellip;]<\/p>\n","protected":false},"author":1,"featured_media":389568,"comment_status":"open","ping_status":"open","sticky":false,"template":"","format":"video","meta":{"_bbp_topic_count":0,"_bbp_reply_count":0,"_bbp_total_topic_count":0,"_bbp_total_reply_count":0,"_bbp_voice_count":0,"_bbp_anonymous_reply_count":0,"_bbp_topic_count_hidden":0,"_bbp_reply_count_hidden":0,"_bbp_forum_subforum_count":0,"footnotes":""},"categories":[61,106],"tags":[],"class_list":["post-389567","post","type-post","status-publish","format-video","has-post-thumbnail","category-mundo","category-video-news","post_format-post-format-video"],"_links":{"self":[{"href":"https:\/\/primermomento.com\/index.php?rest_route=\/wp\/v2\/posts\/389567","targetHints":{"allow":["GET"]}}],"collection":[{"href":"https:\/\/primermomento.com\/index.php?rest_route=\/wp\/v2\/posts"}],"about":[{"href":"https:\/\/primermomento.com\/index.php?rest_route=\/wp\/v2\/types\/post"}],"author":[{"embeddable":true,"href":"https:\/\/primermomento.com\/index.php?rest_route=\/wp\/v2\/users\/1"}],"replies":[{"embeddable":true,"href":"https:\/\/primermomento.com\/index.php?rest_route=%2Fwp%2Fv2%2Fcomments&post=389567"}],"version-history":[{"count":2,"href":"https:\/\/primermomento.com\/index.php?rest_route=\/wp\/v2\/posts\/389567\/revisions"}],"predecessor-version":[{"id":389577,"href":"https:\/\/primermomento.com\/index.php?rest_route=\/wp\/v2\/posts\/389567\/revisions\/389577"}],"wp:featuredmedia":[{"embeddable":true,"href":"https:\/\/primermomento.com\/index.php?rest_route=\/wp\/v2\/media\/389568"}],"wp:attachment":[{"href":"https:\/\/primermomento.com\/index.php?rest_route=%2Fwp%2Fv2%2Fmedia&parent=389567"}],"wp:term":[{"taxonomy":"category","embeddable":true,"href":"https:\/\/primermomento.com\/index.php?rest_route=%2Fwp%2Fv2%2Fcategories&post=389567"},{"taxonomy":"post_tag","embeddable":true,"href":"https:\/\/primermomento.com\/index.php?rest_route=%2Fwp%2Fv2%2Ftags&post=389567"}],"curies":[{"name":"wp","href":"https:\/\/api.w.org\/{rel}","templated":true}]}}