{"id":389572,"date":"2023-06-10T11:01:33","date_gmt":"2023-06-10T15:01:33","guid":{"rendered":"https:\/\/primermomento.com\/?p=389572"},"modified":"2023-06-10T11:05:59","modified_gmt":"2023-06-10T15:05:59","slug":"lideres-celebran-acuerdos-entre-gobierno-de-colombia-y-eln","status":"publish","type":"post","link":"https:\/\/primermomento.com\/?p=389572","title":{"rendered":"L\u00edderes celebran acuerdos entre Gobierno de Colombia y ELN"},"content":{"rendered":"\n<p class=\"wp-block-paragraph\">BOGOT\u00c1, Colombia.- L\u00edderes latinoamericanos y del mundo felicitan hoy al Gobierno de Colombia y al Ej\u00e9rcito de Liberaci\u00f3n Nacional (ELN) por el Acuerdo de Cuba alcanzado en el tercer ciclo de di\u00e1logos celebrado en el pa\u00eds antillano.<\/p>\n\n\n\n<p class=\"wp-block-paragraph\">\u00abLa Patria Grande y el mundo reciben con j\u00fabilo el di\u00e1logo por la paz y cese al fuego en Colombia. Felicitamos a nuestro hermano presidente @petrogustavo y a los comandantes del ELN por los acuerdos firmados\u00bb, expres\u00f3 el l\u00edder boliviano Evo Morales en su perfil de Twitter.<\/p>\n\n\n\n<figure class=\"wp-block-image size-full\"><img loading=\"lazy\" decoding=\"async\" width=\"1023\" height=\"575\" src=\"https:\/\/primermomento.com\/wp-content\/uploads\/2023\/06\/Acuerdo-de-Paz-en-Colombia-1.webp\" alt=\"\" class=\"wp-image-389575\" srcset=\"https:\/\/primermomento.com\/wp-content\/uploads\/2023\/06\/Acuerdo-de-Paz-en-Colombia-1.webp 1023w, https:\/\/primermomento.com\/wp-content\/uploads\/2023\/06\/Acuerdo-de-Paz-en-Colombia-1-300x169.webp 300w, https:\/\/primermomento.com\/wp-content\/uploads\/2023\/06\/Acuerdo-de-Paz-en-Colombia-1-768x432.webp 768w, https:\/\/primermomento.com\/wp-content\/uploads\/2023\/06\/Acuerdo-de-Paz-en-Colombia-1-696x391.webp 696w\" sizes=\"auto, (max-width: 1023px) 100vw, 1023px\" \/><\/figure>\n\n\n\n<p class=\"wp-block-paragraph\"><em>Los presidentes de Colombia, Gustavo Petro y de Cuba, Miguel D\u00edaz-Canel, junto al primer comandante del ELN, Antonio Garc\u00eda, encabezan la ceremonia de clausura de la tercera ronda de di\u00e1logo entre el gobierno colombiano y la guerrilla, en La Habana, el 9 de junio de 2023.<\/em><\/p>\n\n\n\n<p class=\"wp-block-paragraph\">Asegur\u00f3 que Colombia merece vivir en paz permanente para poner fin a la injusticia, violencia armada, desigualdad y abuso de poder impuestos por gobiernos de derecha que sometieron a su pa\u00eds al intervencionismo de Estados Unidos.<\/p>\n\n\n\n<p class=\"wp-block-paragraph\">\u00abSaludamos al hermano pueblo colombiano que estamos seguros sabr\u00e1 cuidar esta valiente y patri\u00f3tica decisi\u00f3n que garantiza la vida, la convivencia pac\u00edfica y democr\u00e1tica, la soberan\u00eda y dignidad de su Patria\u00bb, a\u00f1adi\u00f3.<\/p>\n\n\n\n<p class=\"wp-block-paragraph\">De igual modo, el presidente de Brasil, Luis In\u00e1cio Lula da Silva, felicit\u00f3 a Colombia, en particular al presidente Petro, por el acuerdo de cese al fuego con el ELN.<\/p>\n\n\n\n<p class=\"wp-block-paragraph\">\u00abUn paso fundamental en la construcci\u00f3n de la paz de los pueblos de Am\u00e9rica Latina y una reafirmaci\u00f3n de la vocaci\u00f3n de paz de Am\u00e9rica del Sur\u00bb, expres\u00f3 por la misma red social.<\/p>\n\n\n\n<p class=\"wp-block-paragraph\">El representante especial del secretario general de la ONU para estos di\u00e1logos, Carlos Ruiz Massieu, se hizo eco de la felicitaci\u00f3n de Ant\u00f3nio Guterres por la aprobaci\u00f3n de los Acuerdos de Cuba, que representan un hito fundamental en el proceso, abriendo una etapa de actividad permanente de la mesa para la construcci\u00f3n de paz.<\/p>\n\n\n\n<p class=\"wp-block-paragraph\">El presidente Miguel D\u00edaz-Canel, en un grato encuentro con su hom\u00f3logo Gustavo Petro, reafirm\u00f3 el invariable compromiso de Cuba de continuar trabajando con tes\u00f3n en la Mesa de Di\u00e1logos de Paz, en total apego a los protocolos y en b\u00fasqueda de la paz que ans\u00eda y merece el pueblo colombiano.<\/p>\n\n\n\n<p class=\"wp-block-paragraph\">El tercer ciclo de di\u00e1logos entre el Gobierno colombiano y el ELN cerr\u00f3 este viernes en La Habana con acuerdos dentro de los que sobresale el cese al fuego bilateral, que durar\u00e1 180 d\u00edas (seis meses) y la participaci\u00f3n de la sociedad civil.<\/p>\n\n\n\n<p class=\"wp-block-paragraph\">\u201cAlcanzamos como nunca antes un acuerdo parcial con el ELN, que ser\u00e1 progresivo hasta el acuerdo final en mayo del 2025\u201d, destac\u00f3 el presidente Petro.<\/p>\n\n\n\n<p class=\"wp-block-paragraph\">La prioridad ser\u00e1 lograr la protecci\u00f3n de la poblaci\u00f3n civil en las \u00e1reas de conflicto empezando por la ni\u00f1ez, a\u00f1adi\u00f3.<\/p>\n\n\n\n<p class=\"wp-block-paragraph\">Asegur\u00f3 que los Derechos humanos y el derecho internacional humanitario gu\u00edan el acuerdo.<\/p>\n\n\n\n<p class=\"wp-block-paragraph\">Destac\u00f3 la participaci\u00f3n de la sociedad, que ser\u00e1 fundamental, y la propuesta de un gran Acuerdo Nacional que su Gobierno apoya.<\/p>\n\n\n\n<p class=\"has-text-align-right wp-block-paragraph\"><em>PL<\/em><\/p>\n","protected":false},"excerpt":{"rendered":"<p>BOGOT\u00c1, Colombia.- L\u00edderes latinoamericanos y del mundo felicitan hoy al Gobierno de Colombia y al Ej\u00e9rcito de Liberaci\u00f3n Nacional (ELN) por el Acuerdo de Cuba alcanzado en el tercer ciclo de di\u00e1logos celebrado en el pa\u00eds antillano. \u00abLa Patria Grande y el mundo reciben con j\u00fabilo el di\u00e1logo por la paz y cese al fuego [&hellip;]<\/p>\n","protected":false},"author":1,"featured_media":389573,"comment_status":"open","ping_status":"open","sticky":false,"template":"","format":"video","meta":{"_bbp_topic_count":0,"_bbp_reply_count":0,"_bbp_total_topic_count":0,"_bbp_total_reply_count":0,"_bbp_voice_count":0,"_bbp_anonymous_reply_count":0,"_bbp_topic_count_hidden":0,"_bbp_reply_count_hidden":0,"_bbp_forum_subforum_count":0,"footnotes":""},"categories":[61,106],"tags":[],"class_list":["post-389572","post","type-post","status-publish","format-video","has-post-thumbnail","category-mundo","category-video-news","post_format-post-format-video"],"_links":{"self":[{"href":"https:\/\/primermomento.com\/index.php?rest_route=\/wp\/v2\/posts\/389572","targetHints":{"allow":["GET"]}}],"collection":[{"href":"https:\/\/primermomento.com\/index.php?rest_route=\/wp\/v2\/posts"}],"about":[{"href":"https:\/\/primermomento.com\/index.php?rest_route=\/wp\/v2\/types\/post"}],"author":[{"embeddable":true,"href":"https:\/\/primermomento.com\/index.php?rest_route=\/wp\/v2\/users\/1"}],"replies":[{"embeddable":true,"href":"https:\/\/primermomento.com\/index.php?rest_route=%2Fwp%2Fv2%2Fcomments&post=389572"}],"version-history":[{"count":2,"href":"https:\/\/primermomento.com\/index.php?rest_route=\/wp\/v2\/posts\/389572\/revisions"}],"predecessor-version":[{"id":389576,"href":"https:\/\/primermomento.com\/index.php?rest_route=\/wp\/v2\/posts\/389572\/revisions\/389576"}],"wp:featuredmedia":[{"embeddable":true,"href":"https:\/\/primermomento.com\/index.php?rest_route=\/wp\/v2\/media\/389573"}],"wp:attachment":[{"href":"https:\/\/primermomento.com\/index.php?rest_route=%2Fwp%2Fv2%2Fmedia&parent=389572"}],"wp:term":[{"taxonomy":"category","embeddable":true,"href":"https:\/\/primermomento.com\/index.php?rest_route=%2Fwp%2Fv2%2Fcategories&post=389572"},{"taxonomy":"post_tag","embeddable":true,"href":"https:\/\/primermomento.com\/index.php?rest_route=%2Fwp%2Fv2%2Ftags&post=389572"}],"curies":[{"name":"wp","href":"https:\/\/api.w.org\/{rel}","templated":true}]}}