{"id":389588,"date":"2023-06-10T14:02:53","date_gmt":"2023-06-10T18:02:53","guid":{"rendered":"https:\/\/primermomento.com\/?p=389588"},"modified":"2023-06-10T16:08:29","modified_gmt":"2023-06-10T20:08:29","slug":"bani-arrestan-a-un-sospechoso-que-era-buscado-por-asesinatos-en-una-licoreria","status":"publish","type":"post","link":"https:\/\/primermomento.com\/?p=389588","title":{"rendered":"BAN\u00cd | Arrestan a un sospechoso que era buscado por asesinatos en una licorer\u00eda"},"content":{"rendered":"\n<p class=\"wp-block-paragraph\">BAN\u00cd, Rep\u00fablica Dominicana.- La Direcci\u00f3n Regional Sur Central de la Polic\u00eda Nacional, anunci\u00f3 el arresto de Nelson Leonardi Mart\u00ednez, tambi\u00e9n conocido como Leo, de 23 a\u00f1os y residente en el sector Santa Rosa, quien era buscado por asesinatos.<\/p>\n\n\n\n<p class=\"wp-block-paragraph\">Mart\u00ednez fue capturado en el aeropuerto internacional Las Am\u00e9ricas cuando intentaba abordar el vuelo No. 4452 de la l\u00ednea a\u00e9rea ARAJET con destino a la ciudad de San Salvador.<\/p>\n\n\n\n<figure class=\"wp-block-image size-full\"><img loading=\"lazy\" decoding=\"async\" width=\"941\" height=\"461\" src=\"https:\/\/primermomento.com\/wp-content\/uploads\/2023\/06\/Xavy-licor-store-Bani-1.jpg\" alt=\"\" class=\"wp-image-389594\" srcset=\"https:\/\/primermomento.com\/wp-content\/uploads\/2023\/06\/Xavy-licor-store-Bani-1.jpg 941w, https:\/\/primermomento.com\/wp-content\/uploads\/2023\/06\/Xavy-licor-store-Bani-1-300x147.jpg 300w, https:\/\/primermomento.com\/wp-content\/uploads\/2023\/06\/Xavy-licor-store-Bani-1-768x376.jpg 768w, https:\/\/primermomento.com\/wp-content\/uploads\/2023\/06\/Xavy-licor-store-Bani-1-696x341.jpg 696w\" sizes=\"auto, (max-width: 941px) 100vw, 941px\" \/><\/figure>\n\n\n\n<p class=\"wp-block-paragraph\">El individuo estaba en posesi\u00f3n del pasaporte No. RD7594256, pero fue detenido debido a una alerta migratoria que lo se\u00f1alaba como sujeto de inter\u00e9s.<\/p>\n\n\n\n<p class=\"wp-block-paragraph\">Adem\u00e1s, se hab\u00eda emitido una orden de arresto en su contra, del 3 de abril de 2023, por lo cual estaba siendo solicitado por su presunta participaci\u00f3n en los homicidios de Braulio Guillermo Lara Lara y Miguel N\u00fa\u00f1ez Guerrero.<\/p>\n\n\n\n<p class=\"wp-block-paragraph\">Seg\u00fan la declaraci\u00f3n de Charli Janser Pina Mart\u00ednez, tambi\u00e9n conocido como Xavi, propietario del establecimiento Xavi Super Fr\u00eda, ubicado en la calle Wlasdislao Guerrero con Duverg\u00e9, tanto Braulio Guillermo Lara Lara como Miguel N\u00fa\u00f1ez Guerrero se encontraban en su negocio de ventas de bebidas alcoh\u00f3licas cuando ocurri\u00f3 el tr\u00e1gico incidente.<\/p>\n\n\n\n<p class=\"wp-block-paragraph\">Pina Mart\u00ednez relat\u00f3 que corrigi\u00f3 a una de sus empleadas por un error en la computadora al ingresar una bebida, momento en el cual ingresaron al local un individuo conocido como Junior Ranyer y otro sujeto en proceso de identificaci\u00f3n. Sin mediar palabras, ambos agresores dispararon contra Braulio Guillermo Lara Lara y Miguel N\u00fa\u00f1ez Guerrero, caus\u00e1ndoles las heridas que lamentablemente resultaron fatales.<\/p>\n\n\n\n<p class=\"wp-block-paragraph\">La Direcci\u00f3n Regional Sur Central de la Polic\u00eda Nacional reafirm\u00f3 su compromiso con la seguridad y el bienestar de la comunidad.<\/p>\n\n\n\n<p class=\"wp-block-paragraph\">En un comunicado, la uniformada enfatiz\u00f3 que han trabajado en estrecha colaboraci\u00f3n con la Fiscal\u00eda y con miembros de la Organizaci\u00f3n International de Polic\u00eda Criminal (INTERPOL).<\/p>\n\n\n\n<p class=\"wp-block-paragraph\">La Direcci\u00f3n policial exhort\u00f3 a la ciudadan\u00eda a colaborar al ponerla en conocimiento de cualquier informaci\u00f3n que pueda ser relevante para esclarecer este u otros casos delictivos.<\/p>\n","protected":false},"excerpt":{"rendered":"<p>BAN\u00cd, Rep\u00fablica Dominicana.- La Direcci\u00f3n Regional Sur Central de la Polic\u00eda Nacional, anunci\u00f3 el arresto de Nelson Leonardi Mart\u00ednez, tambi\u00e9n conocido como Leo, de 23 a\u00f1os y residente en el sector Santa Rosa, quien era buscado por asesinatos. Mart\u00ednez fue capturado en el aeropuerto internacional Las Am\u00e9ricas cuando intentaba abordar el vuelo No. 4452 de [&hellip;]<\/p>\n","protected":false},"author":1,"featured_media":389589,"comment_status":"open","ping_status":"open","sticky":false,"template":"","format":"video","meta":{"_bbp_topic_count":0,"_bbp_reply_count":0,"_bbp_total_topic_count":0,"_bbp_total_reply_count":0,"_bbp_voice_count":0,"_bbp_anonymous_reply_count":0,"_bbp_topic_count_hidden":0,"_bbp_reply_count_hidden":0,"_bbp_forum_subforum_count":0,"footnotes":""},"categories":[30,106],"tags":[],"class_list":["post-389588","post","type-post","status-publish","format-video","has-post-thumbnail","category-actualidad","category-video-news","post_format-post-format-video"],"_links":{"self":[{"href":"https:\/\/primermomento.com\/index.php?rest_route=\/wp\/v2\/posts\/389588","targetHints":{"allow":["GET"]}}],"collection":[{"href":"https:\/\/primermomento.com\/index.php?rest_route=\/wp\/v2\/posts"}],"about":[{"href":"https:\/\/primermomento.com\/index.php?rest_route=\/wp\/v2\/types\/post"}],"author":[{"embeddable":true,"href":"https:\/\/primermomento.com\/index.php?rest_route=\/wp\/v2\/users\/1"}],"replies":[{"embeddable":true,"href":"https:\/\/primermomento.com\/index.php?rest_route=%2Fwp%2Fv2%2Fcomments&post=389588"}],"version-history":[{"count":4,"href":"https:\/\/primermomento.com\/index.php?rest_route=\/wp\/v2\/posts\/389588\/revisions"}],"predecessor-version":[{"id":389600,"href":"https:\/\/primermomento.com\/index.php?rest_route=\/wp\/v2\/posts\/389588\/revisions\/389600"}],"wp:featuredmedia":[{"embeddable":true,"href":"https:\/\/primermomento.com\/index.php?rest_route=\/wp\/v2\/media\/389589"}],"wp:attachment":[{"href":"https:\/\/primermomento.com\/index.php?rest_route=%2Fwp%2Fv2%2Fmedia&parent=389588"}],"wp:term":[{"taxonomy":"category","embeddable":true,"href":"https:\/\/primermomento.com\/index.php?rest_route=%2Fwp%2Fv2%2Fcategories&post=389588"},{"taxonomy":"post_tag","embeddable":true,"href":"https:\/\/primermomento.com\/index.php?rest_route=%2Fwp%2Fv2%2Ftags&post=389588"}],"curies":[{"name":"wp","href":"https:\/\/api.w.org\/{rel}","templated":true}]}}