{"id":389746,"date":"2023-06-12T09:10:00","date_gmt":"2023-06-12T13:10:00","guid":{"rendered":"https:\/\/primermomento.com\/?p=389746"},"modified":"2023-06-12T20:51:08","modified_gmt":"2023-06-13T00:51:08","slug":"anuncian-en-nueva-york-espectaculo-por-50-anos-del-hip-hop","status":"publish","type":"post","link":"https:\/\/primermomento.com\/?p=389746","title":{"rendered":"Anuncian en Nueva York espect\u00e1culo por 50 a\u00f1os del hip-hop"},"content":{"rendered":"\n<p class=\"wp-block-paragraph\">NUEVA YORK, EEUU.- La estrella de la m\u00fasica Mariah Carey ser\u00e1 la anfitriona, el pr\u00f3ximo 15 de septiembre, de la celebraci\u00f3n del aniversario 50 del hip-hop en el Madison Square Garden, anunciaron hoy los organizadores.<\/p>\n\n\n\n<p class=\"wp-block-paragraph\">El artista Maxwell acompa\u00f1ar\u00e1 a Carey en el legendario escenario de la llamada Gran Manzana, suceso presentado por las estaciones de radio locales Hot 97 y WBLS-FM y curado por el DJ Funk Flex.<\/p>\n\n\n\n<p class=\"wp-block-paragraph\">Ambos cantantes son descritos como artistas que ejemplifican la influencia extendida del hip-hop m\u00e1s all\u00e1 del \u00e1mbito del rap.<\/p>\n\n\n\n<p class=\"wp-block-paragraph\">Est\u00e1n programados para actuar los int\u00e9rpretes Wu-Tang Clan, Mary J. Blige, el d\u00fao de rap de Long Island EPMD, Tyrese y Sean Paul, en compromiso especial dedicado a un g\u00e9nero que naci\u00f3 en 1973 en suelo neoyorkino, tuite\u00f3 Hot 97.<\/p>\n\n\n\n<p class=\"wp-block-paragraph\">Seg\u00fan anunci\u00f3 en Twitter la emisora radial presentadora del concierto, las entradas estar\u00e1n disponibles para p\u00fablico general el viernes 16 de junio a trav\u00e9s de Ticketmaster, y el d\u00eda anterior se realizar\u00e1 una preventa online en Live Nation.<\/p>\n\n\n\n<p class=\"wp-block-paragraph\">La programaci\u00f3n del evento cubre de alguna manera las bases del g\u00e9nero, entrelazando pop, R&amp;B y dancehall, seg\u00fan rese\u00f1as sobre el promocionado espect\u00e1culo.<\/p>\n\n\n\n<p class=\"has-text-align-right wp-block-paragraph\"><em>PL<\/em><\/p>\n","protected":false},"excerpt":{"rendered":"<p>NUEVA YORK, EEUU.- La estrella de la m\u00fasica Mariah Carey ser\u00e1 la anfitriona, el pr\u00f3ximo 15 de septiembre, de la celebraci\u00f3n del aniversario 50 del hip-hop en el Madison Square Garden, anunciaron hoy los organizadores. El artista Maxwell acompa\u00f1ar\u00e1 a Carey en el legendario escenario de la llamada Gran Manzana, suceso presentado por las estaciones [&hellip;]<\/p>\n","protected":false},"author":1,"featured_media":309871,"comment_status":"open","ping_status":"open","sticky":false,"template":"","format":"standard","meta":{"_bbp_topic_count":0,"_bbp_reply_count":0,"_bbp_total_topic_count":0,"_bbp_total_reply_count":0,"_bbp_voice_count":0,"_bbp_anonymous_reply_count":0,"_bbp_topic_count_hidden":0,"_bbp_reply_count_hidden":0,"_bbp_forum_subforum_count":0,"footnotes":""},"categories":[39],"tags":[],"class_list":["post-389746","post","type-post","status-publish","format-standard","has-post-thumbnail","category-entretenimiento"],"_links":{"self":[{"href":"https:\/\/primermomento.com\/index.php?rest_route=\/wp\/v2\/posts\/389746","targetHints":{"allow":["GET"]}}],"collection":[{"href":"https:\/\/primermomento.com\/index.php?rest_route=\/wp\/v2\/posts"}],"about":[{"href":"https:\/\/primermomento.com\/index.php?rest_route=\/wp\/v2\/types\/post"}],"author":[{"embeddable":true,"href":"https:\/\/primermomento.com\/index.php?rest_route=\/wp\/v2\/users\/1"}],"replies":[{"embeddable":true,"href":"https:\/\/primermomento.com\/index.php?rest_route=%2Fwp%2Fv2%2Fcomments&post=389746"}],"version-history":[{"count":1,"href":"https:\/\/primermomento.com\/index.php?rest_route=\/wp\/v2\/posts\/389746\/revisions"}],"predecessor-version":[{"id":389747,"href":"https:\/\/primermomento.com\/index.php?rest_route=\/wp\/v2\/posts\/389746\/revisions\/389747"}],"wp:featuredmedia":[{"embeddable":true,"href":"https:\/\/primermomento.com\/index.php?rest_route=\/wp\/v2\/media\/309871"}],"wp:attachment":[{"href":"https:\/\/primermomento.com\/index.php?rest_route=%2Fwp%2Fv2%2Fmedia&parent=389746"}],"wp:term":[{"taxonomy":"category","embeddable":true,"href":"https:\/\/primermomento.com\/index.php?rest_route=%2Fwp%2Fv2%2Fcategories&post=389746"},{"taxonomy":"post_tag","embeddable":true,"href":"https:\/\/primermomento.com\/index.php?rest_route=%2Fwp%2Fv2%2Ftags&post=389746"}],"curies":[{"name":"wp","href":"https:\/\/api.w.org\/{rel}","templated":true}]}}