{"id":389795,"date":"2023-06-13T08:01:00","date_gmt":"2023-06-13T12:01:00","guid":{"rendered":"https:\/\/primermomento.com\/?p=389795"},"modified":"2023-06-13T19:04:52","modified_gmt":"2023-06-13T23:04:52","slug":"thevenin-recuerda-manana-en-centro-cultural-banreservas-las-grandes-voces-rd-de-los-80s","status":"publish","type":"post","link":"https:\/\/primermomento.com\/?p=389795","title":{"rendered":"Thevenin recuerda ma\u00f1ana en Centro Cultural Banreservas las grandes voces RD de los 80\u2019s"},"content":{"rendered":"\n<ul class=\"wp-block-list\">\n<li><strong>El tenor es una de las figuras nacionales m\u00e1s importantes del canto. \u00a0Es autor de libros que se usan como textos de interpretaci\u00f3n vocal en numerosos pa\u00edses.<\/strong><\/li>\n<\/ul>\n\n\n\n<p class=\"wp-block-paragraph\">SANTO DOMINGO, Rep\u00fablica Dominicana.- El Centro Cultural Banreservas presenta este mi\u00e9rcoles, con la conducci\u00f3n del tenor Luis Thevenin, en an\u00e1lisis y homenaje a las voces dominicanas m\u00e1s importantes de la d\u00e9cada de los ochenta, en un coloquio que inicia a las siete de la noche con entrada libre para los amantes del canto de calidad.<\/p>\n\n\n\n<p class=\"wp-block-paragraph\">Mijail Peralta indic\u00f3 que Luis Thevenin, miembro de la National Association of Teacher of Singing (NATS) de Estados Unidos, uno de los organismos m\u00e1s prestigiosos de profesores de canto a nivel mundial, expondr\u00e1 las caracter\u00edsticas de las voces que marcaron la d\u00e9cada de los a\u00f1os ochenta.<\/p>\n\n\n\n<p class=\"wp-block-paragraph\">Luis Thevenin, como tenor, es una de las figuras m\u00e1s importantes del canto y la docencia en la interpretaci\u00f3n vocal en el pa\u00eds y fuera. Su carrera se consolid\u00f3 estudiando en Estados Unidos<\/p>\n\n\n\n<p class=\"wp-block-paragraph\">\u201cEs una ocasi\u00f3n muy \u00fanica para conocer t\u00e9cnica y art\u00edsticamente sobre esos artistas nacionales a partir del prisma de un int\u00e9rprete sobresaliente y un maestro del canto\u201d afirm\u00f3 Peralta.<\/p>\n\n\n\n<p class=\"wp-block-paragraph\">Indic\u00f3 que el coloquio con Thevenin ha despertado inter\u00e9s especialmente entre los amantes del arte de la interpretaci\u00f3n vocal.<\/p>\n\n\n\n<p class=\"wp-block-paragraph\">El maestro Thevenin es el autor de \u00abLos seis secretos de un cantante profesional\u00bb y \u00abEl arte de cantar f\u00e1cil\u00bb, que hoy son textos de referencia en varias escuelas nacionales e internacionales de canto.<\/p>\n\n\n\n<p class=\"wp-block-paragraph\">El Centro solicit\u00f3 a los interesados en asistir, reservar cupo llamando al tel\u00e9fono 809 960 2094 o enviar un correo electr\u00f3nico a centroculturalbanreservas@banreservas.com, a fin de estar en el listado de admisibles, lo que se hace por razones de espacio.<\/p>\n\n\n\n<p class=\"has-text-align-right wp-block-paragraph\"><em>Servicio de Prensa<\/em><\/p>\n","protected":false},"excerpt":{"rendered":"<p>SANTO DOMINGO, Rep\u00fablica Dominicana.- El Centro Cultural Banreservas presenta este mi\u00e9rcoles, con la conducci\u00f3n del tenor Luis Thevenin, en an\u00e1lisis y homenaje a las voces dominicanas m\u00e1s importantes de la d\u00e9cada de los ochenta, en un coloquio que inicia a las siete de la noche con entrada libre para los amantes del canto de calidad. [&hellip;]<\/p>\n","protected":false},"author":1,"featured_media":389796,"comment_status":"open","ping_status":"open","sticky":false,"template":"","format":"standard","meta":{"_bbp_topic_count":0,"_bbp_reply_count":0,"_bbp_total_topic_count":0,"_bbp_total_reply_count":0,"_bbp_voice_count":0,"_bbp_anonymous_reply_count":0,"_bbp_topic_count_hidden":0,"_bbp_reply_count_hidden":0,"_bbp_forum_subforum_count":0,"footnotes":""},"categories":[39],"tags":[],"class_list":["post-389795","post","type-post","status-publish","format-standard","has-post-thumbnail","category-entretenimiento"],"_links":{"self":[{"href":"https:\/\/primermomento.com\/index.php?rest_route=\/wp\/v2\/posts\/389795","targetHints":{"allow":["GET"]}}],"collection":[{"href":"https:\/\/primermomento.com\/index.php?rest_route=\/wp\/v2\/posts"}],"about":[{"href":"https:\/\/primermomento.com\/index.php?rest_route=\/wp\/v2\/types\/post"}],"author":[{"embeddable":true,"href":"https:\/\/primermomento.com\/index.php?rest_route=\/wp\/v2\/users\/1"}],"replies":[{"embeddable":true,"href":"https:\/\/primermomento.com\/index.php?rest_route=%2Fwp%2Fv2%2Fcomments&post=389795"}],"version-history":[{"count":1,"href":"https:\/\/primermomento.com\/index.php?rest_route=\/wp\/v2\/posts\/389795\/revisions"}],"predecessor-version":[{"id":389797,"href":"https:\/\/primermomento.com\/index.php?rest_route=\/wp\/v2\/posts\/389795\/revisions\/389797"}],"wp:featuredmedia":[{"embeddable":true,"href":"https:\/\/primermomento.com\/index.php?rest_route=\/wp\/v2\/media\/389796"}],"wp:attachment":[{"href":"https:\/\/primermomento.com\/index.php?rest_route=%2Fwp%2Fv2%2Fmedia&parent=389795"}],"wp:term":[{"taxonomy":"category","embeddable":true,"href":"https:\/\/primermomento.com\/index.php?rest_route=%2Fwp%2Fv2%2Fcategories&post=389795"},{"taxonomy":"post_tag","embeddable":true,"href":"https:\/\/primermomento.com\/index.php?rest_route=%2Fwp%2Fv2%2Ftags&post=389795"}],"curies":[{"name":"wp","href":"https:\/\/api.w.org\/{rel}","templated":true}]}}