{"id":389995,"date":"2023-06-16T07:41:00","date_gmt":"2023-06-16T11:41:00","guid":{"rendered":"https:\/\/primermomento.com\/?p=389995"},"modified":"2023-06-16T15:01:59","modified_gmt":"2023-06-16T19:01:59","slug":"martinez-brito-es-desvinculado-de-esto-no-es-radio","status":"publish","type":"post","link":"https:\/\/primermomento.com\/?p=389995","title":{"rendered":"Mart\u00ednez Brito es desvinculado de Esto No Es Radio"},"content":{"rendered":"\n<p class=\"wp-block-paragraph\">SANTO DOMINGO, Rep\u00fablica Dominicana.- El abogado y comunicador Jos\u00e9 Mart\u00ednez Brito\u00a0fue desvinculado del programa Esto No Es Radio, el cual se transmite de lunes a viernes por Alofoke 99.3 FM.<\/p>\n\n\n\n<p class=\"wp-block-paragraph\">La empresa solo explic\u00f3 que la decisi\u00f3n fue por asuntos administrativos, sin dar m\u00e1s detalles de la situaci\u00f3n.<\/p>\n\n\n\n<p class=\"wp-block-paragraph\">Mart\u00ednez Brito, quien tambi\u00e9n es activista pol\u00edtico, es el primer panelista del espacio que se escucha de lunes a viernes de 7:00 AM A 9:30 AM en ser sacado en dos a\u00f1os de su fundaci\u00f3n.<\/p>\n\n\n\n<p class=\"wp-block-paragraph\">El destacado comunicador form\u00f3 parte del elenco de Esto No Es Radio por m\u00e1s de un a\u00f1o, en el que debati\u00f3 temas relacionados a pol\u00edtica, justicia, social, entre otros, que se encontraban en la palestra p\u00fablica.<\/p>\n\n\n\n<p class=\"wp-block-paragraph\">Esto no es Radio, es un programa de la familia Alofoke Media Group, y en la actualidad est\u00e1 integrado por los comunicadores Ariel Santana, Hony Estrella, Ram\u00f3n Tolentino, Gabi Desangles, Ernesto Jim\u00e9nez, Lizbeth Santos y la doctora Alexandra H\u00edchez.<\/p>\n\n\n\n<p class=\"wp-block-paragraph\">El espacio cuenta con 801,000 seguidores en la red social Instagram, 117,130 en Twitter y 856,000 suscriptores en la plataforma de YouTube, siendo uno de los matutinos m\u00e1s escuchados del pa\u00eds a trav\u00e9s de las ondas hertzianas.<\/p>\n","protected":false},"excerpt":{"rendered":"<p>SANTO DOMINGO, Rep\u00fablica Dominicana.- El abogado y comunicador Jos\u00e9 Mart\u00ednez Brito\u00a0fue desvinculado del programa Esto No Es Radio, el cual se transmite de lunes a viernes por Alofoke 99.3 FM. La empresa solo explic\u00f3 que la decisi\u00f3n fue por asuntos administrativos, sin dar m\u00e1s detalles de la situaci\u00f3n. Mart\u00ednez Brito, quien tambi\u00e9n es activista pol\u00edtico, [&hellip;]<\/p>\n","protected":false},"author":1,"featured_media":389996,"comment_status":"open","ping_status":"open","sticky":false,"template":"","format":"standard","meta":{"_bbp_topic_count":0,"_bbp_reply_count":0,"_bbp_total_topic_count":0,"_bbp_total_reply_count":0,"_bbp_voice_count":0,"_bbp_anonymous_reply_count":0,"_bbp_topic_count_hidden":0,"_bbp_reply_count_hidden":0,"_bbp_forum_subforum_count":0,"footnotes":""},"categories":[39],"tags":[],"class_list":["post-389995","post","type-post","status-publish","format-standard","has-post-thumbnail","category-entretenimiento"],"_links":{"self":[{"href":"https:\/\/primermomento.com\/index.php?rest_route=\/wp\/v2\/posts\/389995","targetHints":{"allow":["GET"]}}],"collection":[{"href":"https:\/\/primermomento.com\/index.php?rest_route=\/wp\/v2\/posts"}],"about":[{"href":"https:\/\/primermomento.com\/index.php?rest_route=\/wp\/v2\/types\/post"}],"author":[{"embeddable":true,"href":"https:\/\/primermomento.com\/index.php?rest_route=\/wp\/v2\/users\/1"}],"replies":[{"embeddable":true,"href":"https:\/\/primermomento.com\/index.php?rest_route=%2Fwp%2Fv2%2Fcomments&post=389995"}],"version-history":[{"count":1,"href":"https:\/\/primermomento.com\/index.php?rest_route=\/wp\/v2\/posts\/389995\/revisions"}],"predecessor-version":[{"id":389997,"href":"https:\/\/primermomento.com\/index.php?rest_route=\/wp\/v2\/posts\/389995\/revisions\/389997"}],"wp:featuredmedia":[{"embeddable":true,"href":"https:\/\/primermomento.com\/index.php?rest_route=\/wp\/v2\/media\/389996"}],"wp:attachment":[{"href":"https:\/\/primermomento.com\/index.php?rest_route=%2Fwp%2Fv2%2Fmedia&parent=389995"}],"wp:term":[{"taxonomy":"category","embeddable":true,"href":"https:\/\/primermomento.com\/index.php?rest_route=%2Fwp%2Fv2%2Fcategories&post=389995"},{"taxonomy":"post_tag","embeddable":true,"href":"https:\/\/primermomento.com\/index.php?rest_route=%2Fwp%2Fv2%2Ftags&post=389995"}],"curies":[{"name":"wp","href":"https:\/\/api.w.org\/{rel}","templated":true}]}}