{"id":390281,"date":"2023-06-21T05:39:00","date_gmt":"2023-06-21T09:39:00","guid":{"rendered":"https:\/\/primermomento.com\/?p=390281"},"modified":"2023-06-21T07:43:49","modified_gmt":"2023-06-21T11:43:49","slug":"panel-en-centro-cultural-banreservas-revela-trayectoria-del-rock-dominicano","status":"publish","type":"post","link":"https:\/\/primermomento.com\/?p=390281","title":{"rendered":"Panel en Centro Cultural Banreservas revela trayectoria del rock dominicano"},"content":{"rendered":"\n<ul class=\"wp-block-list\">\n<li><strong>King S\u00e1nchez, Milton Cordero y Rossy D\u00edaz, moderador por Alexei Teller\u00edas, reconstruyen origen y principales hitos y exponentes del g\u00e9nero.<\/strong><\/li>\n<\/ul>\n\n\n\n<p class=\"wp-block-paragraph\"><em><strong>Servicio de Prensa<\/strong><\/em><\/p>\n\n\n\n<p class=\"wp-block-paragraph\">SANTO DOMINGO, Rep\u00fablica Dominicana.- Un panel integrado por participantes en el origen y desarrollo del rock en el pa\u00eds, lleg\u00f3 a la conclusi\u00f3n de que ha sido una expresi\u00f3n musical iniciada en 1956, para iniciar un proceso art\u00edstico que, con altas y bajas, nunca se ha detenido.<\/p>\n\n\n\n<p class=\"wp-block-paragraph\">Esta fue la conclusi\u00f3n del panel convocado por el Centro Cultural Banreservas con los expositores King S\u00e1nchez, creador de las Olimpiadas del Rock, Milton Cordero (Lechuga) integrante de grupos en los a\u00f1os 90\u2019s y la music\u00f3loga y cantante del g\u00e9nero, Rossy Diaz, moderados por el gestor cultural y periodista Alexei Teller\u00edas, del colectivo El Ara\u00f1azo y La Yarda.<\/p>\n\n\n\n<p class=\"wp-block-paragraph\">Mijail Peralta, gerente de cultura de Banreservas, ofreci\u00f3 la bienvenida a los expositores y al p\u00fablico que abarrot\u00f3 el auditorio, indicando que el evento era parte del programa d la Fiesta de la M\u00fasica 2023, desarrollado en la Ciudad Colonial, a iniciativa de la Casa de Francia<\/p>\n\n\n\n<p class=\"wp-block-paragraph\">King S\u00e1nchez destac\u00f3 que &nbsp;luego de una primera etapa de rock interpretado en ingl\u00e9s y copiando \u00e9xitos de artistas de Estados Unidos, es Milton Pel\u00e1ez quien genera un primer precedente, cantando en espa\u00f1ol los temas, que lograron amplia difusi\u00f3n nacional e internacional, Carmencita\u201d, \u201cPaco Cara de Maco\u201d, \u201cTodo lo que tengo\u201d, \u201cViejito ye ye\u201d y \u201cPor eso estamos como estamos\u201d.&nbsp;<\/p>\n\n\n\n<p class=\"wp-block-paragraph\">Milton Cordero resalto la importancia que tuvo para el g\u00e9nero, las Olimpiadas del Rock &nbsp;y el certamen Phoenix (convocados por Toque Profundo) que catapultaron numerosos grupos y solistas.<\/p>\n\n\n\n<p class=\"wp-block-paragraph\">Rossy D\u00edaz, coincidi\u00f3 en que&nbsp;las Olimpiadas Rock fueron esenciales para el auge del g\u00e9nero y el hecho de que hayan sido rockeros, figuras como Juan Luis Guerra, Dioni Fern\u00e1ndez, Manuel Tejada, pioneros en la evoluci\u00f3n del merengue.<\/p>\n\n\n\n<p class=\"wp-block-paragraph\">El panel fue presentado ante un p\u00fablico integrado por personas de varias generaciones y que llen\u00f3 el audit\u00f3rium del Centro, incluyendo m\u00fasicos, cantantes, empresarios disqueros, y amantes de la m\u00fasica en general y del rock dominicano, en particular.<\/p>\n\n\n\n<p class=\"wp-block-paragraph\">Resurgi\u00f3, entre exposiciones e intervenciones del p\u00fablico, el debate sobre qui\u00e9n, entre Milton Pel\u00e1ez y Luis Diaz, se puede considerar el padre del g\u00e9nero. Pel\u00e1ez tiene el atributo de haber sido el primero en incursionar en el g\u00e9nero y haberlo llevado\u00a0 a diversos pa\u00edses de Sudam\u00e9rica, mientras que El Terror D\u00edas es el m\u00e1ximo exponente del g\u00e9nero a partir de sus fusiones y el vanguardismo\u00a0creativo de sus letras.<\/p>\n\n\n\n<p class=\"wp-block-paragraph\"><\/p>\n","protected":false},"excerpt":{"rendered":"<p>Servicio de Prensa SANTO DOMINGO, Rep\u00fablica Dominicana.- Un panel integrado por participantes en el origen y desarrollo del rock en el pa\u00eds, lleg\u00f3 a la conclusi\u00f3n de que ha sido una expresi\u00f3n musical iniciada en 1956, para iniciar un proceso art\u00edstico que, con altas y bajas, nunca se ha detenido. Esta fue la conclusi\u00f3n del [&hellip;]<\/p>\n","protected":false},"author":1,"featured_media":390282,"comment_status":"open","ping_status":"open","sticky":false,"template":"","format":"standard","meta":{"_bbp_topic_count":0,"_bbp_reply_count":0,"_bbp_total_topic_count":0,"_bbp_total_reply_count":0,"_bbp_voice_count":0,"_bbp_anonymous_reply_count":0,"_bbp_topic_count_hidden":0,"_bbp_reply_count_hidden":0,"_bbp_forum_subforum_count":0,"footnotes":""},"categories":[39],"tags":[],"class_list":["post-390281","post","type-post","status-publish","format-standard","has-post-thumbnail","category-entretenimiento"],"_links":{"self":[{"href":"https:\/\/primermomento.com\/index.php?rest_route=\/wp\/v2\/posts\/390281","targetHints":{"allow":["GET"]}}],"collection":[{"href":"https:\/\/primermomento.com\/index.php?rest_route=\/wp\/v2\/posts"}],"about":[{"href":"https:\/\/primermomento.com\/index.php?rest_route=\/wp\/v2\/types\/post"}],"author":[{"embeddable":true,"href":"https:\/\/primermomento.com\/index.php?rest_route=\/wp\/v2\/users\/1"}],"replies":[{"embeddable":true,"href":"https:\/\/primermomento.com\/index.php?rest_route=%2Fwp%2Fv2%2Fcomments&post=390281"}],"version-history":[{"count":1,"href":"https:\/\/primermomento.com\/index.php?rest_route=\/wp\/v2\/posts\/390281\/revisions"}],"predecessor-version":[{"id":390283,"href":"https:\/\/primermomento.com\/index.php?rest_route=\/wp\/v2\/posts\/390281\/revisions\/390283"}],"wp:featuredmedia":[{"embeddable":true,"href":"https:\/\/primermomento.com\/index.php?rest_route=\/wp\/v2\/media\/390282"}],"wp:attachment":[{"href":"https:\/\/primermomento.com\/index.php?rest_route=%2Fwp%2Fv2%2Fmedia&parent=390281"}],"wp:term":[{"taxonomy":"category","embeddable":true,"href":"https:\/\/primermomento.com\/index.php?rest_route=%2Fwp%2Fv2%2Fcategories&post=390281"},{"taxonomy":"post_tag","embeddable":true,"href":"https:\/\/primermomento.com\/index.php?rest_route=%2Fwp%2Fv2%2Ftags&post=390281"}],"curies":[{"name":"wp","href":"https:\/\/api.w.org\/{rel}","templated":true}]}}