{"id":390284,"date":"2023-06-21T08:31:34","date_gmt":"2023-06-21T12:31:34","guid":{"rendered":"https:\/\/primermomento.com\/?p=390284"},"modified":"2023-06-21T08:31:35","modified_gmt":"2023-06-21T12:31:35","slug":"daddy-yankee-supera-a-ed-sheeran-en-aplicacion-spotify","status":"publish","type":"post","link":"https:\/\/primermomento.com\/?p=390284","title":{"rendered":"Daddy Yankee supera a Ed Sheeran en aplicaci\u00f3n Spotify"},"content":{"rendered":"\n<p class=\"wp-block-paragraph\"><em><strong>Prensa Latina<\/strong><\/em><\/p>\n\n\n\n<p class=\"wp-block-paragraph\">LOS \u00c1NGELES, EEUU.- El rapero puertorrique\u00f1o Daddy Yankee, quien hace poco anunci\u00f3 su retiro de los escenarios para dedicarse a la familia, se coloca hoy como el primer latino m\u00e1s escuchado en el mundo a trav\u00e9s de Spotify.<\/p>\n\n\n\n<p class=\"wp-block-paragraph\">La aplicaci\u00f3n de m\u00fasica, podcast gratis y servicio de streaming -transmisi\u00f3n en directo y continuo de contenido multimedia- difunde los temas del int\u00e9rprete, quien registra m\u00e1s de 44 millones de reproducciones mensuales, por encima del brit\u00e1nico Ed Sheeran, quien lleg\u00f3 a alcanzar m\u00e1s de 100 millones de seguidores en este servicio musical de la red.<\/p>\n\n\n\n<p class=\"wp-block-paragraph\">El cantante fue quien comparti\u00f3 la noticia el martes con sus m\u00e1s de 16 millones de fans en Instagram y a trav\u00e9s de un video en el que resalta la importancia del logro, no solo de \u00e9l, seg\u00fan sus palabras, pero haci\u00e9ndolo el artista m\u00e1s escuchado en el popular medio en la red de redes.<\/p>\n\n\n\n<p class=\"wp-block-paragraph\">\u00abEn 1992 decid\u00ed dedicarme al arte de la m\u00fasica en esta industria del entretenimiento. Recuerdo que nadie cre\u00eda. Me cost\u00f3 mucho sacrificio, muchos momentos perdidos con mi familia, enfrentar el prejuicio, la marginaci\u00f3n\u00bb, rememor\u00f3 el cantante de \u00e9xitos, como \u00abGasolina\u00bb, \u00abDespacito\u00bb, a d\u00fao con su coterr\u00e1neo Luis Fonsi, o \u00abShaky Shaky\u00bb.<\/p>\n\n\n\n<p class=\"wp-block-paragraph\">Pero no se toma el cr\u00e9dito de este triunfo como algo solo para \u00e9l, sino para el g\u00e9nero que defiende.<\/p>\n\n\n\n<p class=\"wp-block-paragraph\">\u00abHoy en d\u00eda este g\u00e9nero llamado reguet\u00f3n es uno de los m\u00e1s escuchados del mundo, y sin mis seguidores nada de esto hubiera sido posible. Gracias tambi\u00e9n a los colegas que me han dado la oportunidad de colaborar con ellos\u00bb, concluy\u00f3 el mensaje.<\/p>\n\n\n\n<p class=\"wp-block-paragraph\">El colombiano J Balvin celebr\u00f3 el nuevo reconocimiento a Daddy Yankee con una imagen suya y la cifra registrada por Spotify, adem\u00e1s, de la felicitaci\u00f3n.<\/p>\n","protected":false},"excerpt":{"rendered":"<p>Prensa Latina LOS \u00c1NGELES, EEUU.- El rapero puertorrique\u00f1o Daddy Yankee, quien hace poco anunci\u00f3 su retiro de los escenarios para dedicarse a la familia, se coloca hoy como el primer latino m\u00e1s escuchado en el mundo a trav\u00e9s de Spotify. La aplicaci\u00f3n de m\u00fasica, podcast gratis y servicio de streaming -transmisi\u00f3n en directo y continuo [&hellip;]<\/p>\n","protected":false},"author":1,"featured_media":390285,"comment_status":"open","ping_status":"open","sticky":false,"template":"","format":"standard","meta":{"_bbp_topic_count":0,"_bbp_reply_count":0,"_bbp_total_topic_count":0,"_bbp_total_reply_count":0,"_bbp_voice_count":0,"_bbp_anonymous_reply_count":0,"_bbp_topic_count_hidden":0,"_bbp_reply_count_hidden":0,"_bbp_forum_subforum_count":0,"footnotes":""},"categories":[39],"tags":[],"class_list":["post-390284","post","type-post","status-publish","format-standard","has-post-thumbnail","category-entretenimiento"],"_links":{"self":[{"href":"https:\/\/primermomento.com\/index.php?rest_route=\/wp\/v2\/posts\/390284","targetHints":{"allow":["GET"]}}],"collection":[{"href":"https:\/\/primermomento.com\/index.php?rest_route=\/wp\/v2\/posts"}],"about":[{"href":"https:\/\/primermomento.com\/index.php?rest_route=\/wp\/v2\/types\/post"}],"author":[{"embeddable":true,"href":"https:\/\/primermomento.com\/index.php?rest_route=\/wp\/v2\/users\/1"}],"replies":[{"embeddable":true,"href":"https:\/\/primermomento.com\/index.php?rest_route=%2Fwp%2Fv2%2Fcomments&post=390284"}],"version-history":[{"count":1,"href":"https:\/\/primermomento.com\/index.php?rest_route=\/wp\/v2\/posts\/390284\/revisions"}],"predecessor-version":[{"id":390286,"href":"https:\/\/primermomento.com\/index.php?rest_route=\/wp\/v2\/posts\/390284\/revisions\/390286"}],"wp:featuredmedia":[{"embeddable":true,"href":"https:\/\/primermomento.com\/index.php?rest_route=\/wp\/v2\/media\/390285"}],"wp:attachment":[{"href":"https:\/\/primermomento.com\/index.php?rest_route=%2Fwp%2Fv2%2Fmedia&parent=390284"}],"wp:term":[{"taxonomy":"category","embeddable":true,"href":"https:\/\/primermomento.com\/index.php?rest_route=%2Fwp%2Fv2%2Fcategories&post=390284"},{"taxonomy":"post_tag","embeddable":true,"href":"https:\/\/primermomento.com\/index.php?rest_route=%2Fwp%2Fv2%2Ftags&post=390284"}],"curies":[{"name":"wp","href":"https:\/\/api.w.org\/{rel}","templated":true}]}}