{"id":390406,"date":"2023-06-23T06:47:00","date_gmt":"2023-06-23T10:47:00","guid":{"rendered":"https:\/\/primermomento.com\/?p=390406"},"modified":"2023-06-23T11:50:43","modified_gmt":"2023-06-23T15:50:43","slug":"centro-cultural-banreservas-celebra-las-grandes-voces-de-anos-80s","status":"publish","type":"post","link":"https:\/\/primermomento.com\/?p=390406","title":{"rendered":"Centro Cultural Banreservas celebra las grandes voces\u00a0de\u00a0 a\u00f1os 80\u2019s"},"content":{"rendered":"\n<p class=\"wp-block-paragraph\"><strong><em>Servicio de prensa<\/em><\/strong><\/p>\n\n\n\n<ul class=\"wp-block-list\">\n<li><strong>Luis Thevenin\u00a0destac\u00f3\u00a0el rol controvertido, cuestionado\u00a0 y estelar de los disqueros de la\u00a0\u00e9poca.<\/strong><\/li>\n<\/ul>\n\n\n\n<p class=\"wp-block-paragraph\">SANTO DOMINGO, Rep\u00fablica Dominicana.- El Centro Cultural Banreservas organiz\u00f3\u00a0un encuentro para recordar, celebrar y revivir la gloria de algunos de los grandes cantantes populares dominicanos que marcaron la d\u00e9cada de los ochentas.<\/p>\n\n\n\n<p class=\"wp-block-paragraph\">La actividad, que estuvo moderada por\u00a0el tenor Luis Thevenin, fue uno de los puntos en la agenda que el Centro Cultural agot\u00f3\u00a0en conmemoraci\u00f3n de la\u00a0Fiesta de la M\u00fasica 2023, que incluy\u00f3\u00a0\u00a0dos\u00a0coloquios y un concierto entre el 14 y el 16 de junio.<\/p>\n\n\n\n<p class=\"wp-block-paragraph\">El maestro Thevenin, autor y experto del bel canto que ha estudiado a los grandes cantantes dominicanos, explic\u00f3&nbsp;las razones por las que no se proyectaron m\u00e1s internacionalmente&nbsp;algunas de las grandes figuras del canto criollo.<\/p>\n\n\n\n<p class=\"wp-block-paragraph\">Thevenin dijo que&nbsp;Estos artistas contaban con lo necesario para ser figuras internacionales, pero dijo que factores pesaron contra esa posibilidad&nbsp;en su participaci\u00f3n, que oscil\u00f3&nbsp;entre el di\u00e1logo con los presentes y el canto.<\/p>\n\n\n\n<p class=\"wp-block-paragraph\">Con canciones en vivo, videos de&nbsp;la&nbsp;\u00e9poca y sus orientaciones t\u00e9cnicas del cantante, Thevenin sostuvo que solo algunos pocos lograron estelaridad fuera del pa\u00eds, lo que se origin\u00f3&nbsp;por el rechazo de los artistas a los disqueros o la actitud de algunos de estos, que&nbsp;\u201ccongelaron\u201d&nbsp;la carrera de varios cantantes.<\/p>\n\n\n\n<p class=\"wp-block-paragraph\">El tenor dominicano&nbsp;mencion\u00f3&nbsp;a&nbsp;Luchy Vicioso&nbsp;(\u201cla mejor media voz femenina del pa\u00eds\u201d), Sonia Silvestre, Hansel, Juan Lanfranco,&nbsp; Fausto Rey, Omar Franco, Maridalia Hern\u00e1ndez, Yolanda Duke y Anthony R\u00edos, entre otros.<\/p>\n\n\n\n<p class=\"wp-block-paragraph\">\u201cEs claro que se trat\u00f3&nbsp;de un per\u00edodo de alto talento interpretativo por la calidad de las voces, los matices que alcanzaban&nbsp;y&nbsp;la selecci\u00f3n de las letras con tono altamente po\u00e9tico\u201d,&nbsp;afirm\u00f3&nbsp;Thevenin.<\/p>\n\n\n\n<p class=\"wp-block-paragraph\">Thevenin&nbsp;destac\u00f3&nbsp;que los disqueros fueron, desde su trabajo, fundamentales para abrir camino internacional a determinadas figuras, a las que les pautaron giras internacional, produjeron sus discos.<\/p>\n","protected":false},"excerpt":{"rendered":"<p>Servicio de prensa SANTO DOMINGO, Rep\u00fablica Dominicana.- El Centro Cultural Banreservas organiz\u00f3\u00a0un encuentro para recordar, celebrar y revivir la gloria de algunos de los grandes cantantes populares dominicanos que marcaron la d\u00e9cada de los ochentas. La actividad, que estuvo moderada por\u00a0el tenor Luis Thevenin, fue uno de los puntos en la agenda que el Centro [&hellip;]<\/p>\n","protected":false},"author":1,"featured_media":390407,"comment_status":"open","ping_status":"open","sticky":false,"template":"","format":"standard","meta":{"_bbp_topic_count":0,"_bbp_reply_count":0,"_bbp_total_topic_count":0,"_bbp_total_reply_count":0,"_bbp_voice_count":0,"_bbp_anonymous_reply_count":0,"_bbp_topic_count_hidden":0,"_bbp_reply_count_hidden":0,"_bbp_forum_subforum_count":0,"footnotes":""},"categories":[39],"tags":[],"class_list":["post-390406","post","type-post","status-publish","format-standard","has-post-thumbnail","category-entretenimiento"],"_links":{"self":[{"href":"https:\/\/primermomento.com\/index.php?rest_route=\/wp\/v2\/posts\/390406","targetHints":{"allow":["GET"]}}],"collection":[{"href":"https:\/\/primermomento.com\/index.php?rest_route=\/wp\/v2\/posts"}],"about":[{"href":"https:\/\/primermomento.com\/index.php?rest_route=\/wp\/v2\/types\/post"}],"author":[{"embeddable":true,"href":"https:\/\/primermomento.com\/index.php?rest_route=\/wp\/v2\/users\/1"}],"replies":[{"embeddable":true,"href":"https:\/\/primermomento.com\/index.php?rest_route=%2Fwp%2Fv2%2Fcomments&post=390406"}],"version-history":[{"count":1,"href":"https:\/\/primermomento.com\/index.php?rest_route=\/wp\/v2\/posts\/390406\/revisions"}],"predecessor-version":[{"id":390408,"href":"https:\/\/primermomento.com\/index.php?rest_route=\/wp\/v2\/posts\/390406\/revisions\/390408"}],"wp:featuredmedia":[{"embeddable":true,"href":"https:\/\/primermomento.com\/index.php?rest_route=\/wp\/v2\/media\/390407"}],"wp:attachment":[{"href":"https:\/\/primermomento.com\/index.php?rest_route=%2Fwp%2Fv2%2Fmedia&parent=390406"}],"wp:term":[{"taxonomy":"category","embeddable":true,"href":"https:\/\/primermomento.com\/index.php?rest_route=%2Fwp%2Fv2%2Fcategories&post=390406"},{"taxonomy":"post_tag","embeddable":true,"href":"https:\/\/primermomento.com\/index.php?rest_route=%2Fwp%2Fv2%2Ftags&post=390406"}],"curies":[{"name":"wp","href":"https:\/\/api.w.org\/{rel}","templated":true}]}}