{"id":390443,"date":"2023-06-23T09:37:00","date_gmt":"2023-06-23T13:37:00","guid":{"rendered":"https:\/\/primermomento.com\/?p=390443"},"modified":"2023-06-23T16:03:58","modified_gmt":"2023-06-23T20:03:58","slug":"lula-califico-de-amenaza-exigencias-de-ue-para-acuerdo-con-mercosur","status":"publish","type":"post","link":"https:\/\/primermomento.com\/?p=390443","title":{"rendered":"Lula calific\u00f3 de amenaza exigencias de UE para acuerdo con Mercosur"},"content":{"rendered":"\n<p class=\"wp-block-paragraph\">PAR\u00cdS, Francia.- El presidente brasile\u00f1o, Luiz In\u00e1cio Lula da Silva, calific\u00f3 hoy aqu\u00ed de amenaza las demandas de la Uni\u00f3n Europea (UE) para finalizar el acuerdo con el Mercado Com\u00fan del Sur (Mercosur).<\/p>\n\n\n\n<p class=\"wp-block-paragraph\">Al discursar en la Cumbre sobre Nuevo Pacto de Financiaci\u00f3n Global sentado al lado de su par franc\u00e9s, Emmanuel Macron, el exsindicalista aludi\u00f3 a dispositivos que prev\u00e9n sanciones, consideradas duras por el Gobierno brasile\u00f1o, en caso de incumplimiento de obligaciones por parte de los pa\u00edses participantes.<\/p>\n\n\n\n<p class=\"wp-block-paragraph\">\u00abMe muero por llegar a un acuerdo con la Uni\u00f3n Europea. Pero no es posible, la carta adicional hecha por la Uni\u00f3n Europea no permite que se haga un acuerdo. Haremos la respuesta, y le enviaremos la respuesta, pero necesitamos empezar a discutir\u00bb, se\u00f1al\u00f3.<\/p>\n\n\n<div class=\"wp-block-image\">\n<figure class=\"aligncenter size-full\"><img loading=\"lazy\" decoding=\"async\" width=\"877\" height=\"582\" src=\"https:\/\/primermomento.com\/wp-content\/uploads\/2023\/06\/lula-3-1.jpg\" alt=\"\" class=\"wp-image-390445\" srcset=\"https:\/\/primermomento.com\/wp-content\/uploads\/2023\/06\/lula-3-1.jpg 877w, https:\/\/primermomento.com\/wp-content\/uploads\/2023\/06\/lula-3-1-300x199.jpg 300w, https:\/\/primermomento.com\/wp-content\/uploads\/2023\/06\/lula-3-1-768x510.jpg 768w, https:\/\/primermomento.com\/wp-content\/uploads\/2023\/06\/lula-3-1-696x462.jpg 696w\" sizes=\"auto, (max-width: 877px) 100vw, 877px\" \/><\/figure>\n<\/div>\n\n\n<p class=\"wp-block-paragraph\">Insisti\u00f3 en que \u00abno es posible que nosotros tengamos una asociaci\u00f3n estrat\u00e9gica, y haya una carta adicional que haga amenaza a un socio estrat\u00e9gico\u00bb.<\/p>\n\n\n\n<p class=\"wp-block-paragraph\">El convenio entre los dos bloques se negocia desde 1999. En 2019 finalizaron las negociaciones comerciales y dos a\u00f1os despu\u00e9s las relacionadas con aspectos pol\u00edticos y de cooperaci\u00f3n.<\/p>\n\n\n\n<p class=\"wp-block-paragraph\">Desde entonces, el pacto est\u00e1 en fase de revisi\u00f3n para ser la firma y la pol\u00edtica ambiental de la gesti\u00f3n del exmandatario Jair Bolsonaro, que result\u00f3 en un alza de la deforestaci\u00f3n, dificult\u00f3 la negociaci\u00f3n.<\/p>\n\n\n\n<p class=\"wp-block-paragraph\">La UE env\u00edo al Mercosur un documento con \u00abinstrumentos adicionales\u00bb a a\u00f1adir al acuerdo. Son esos aditivos que Lula defini\u00f3 como amenaza.<\/p>\n\n\n\n<p class=\"wp-block-paragraph\">Uno de ellos hace referencia a la ley aprobada por el Consejo Europeo en mayo pasado, que proh\u00edbe la importaci\u00f3n de productos de zonas deforestadas despu\u00e9s de 2020, adem\u00e1s de establecer la aplicaci\u00f3n de multas.<\/p>\n\n\n\n<p class=\"wp-block-paragraph\">El Ministerio de Relaciones Exteriores de Brasil negocia con los dem\u00e1s integrantes del Mercosur la presentaci\u00f3n de una contrapropuesta.<\/p>\n\n\n\n<p class=\"wp-block-paragraph\">Tambi\u00e9n en su alocuci\u00f3n, en el que abord\u00f3 la desigualdad y el hambre, Lula volvi\u00f3 a defender la creaci\u00f3n de una moneda alternativa para que los pa\u00edses involucrados en una transacci\u00f3n comercial sin la participaci\u00f3n de Estados Unidos no necesiten depender del d\u00f3lar.<\/p>\n\n\n\n<p class=\"wp-block-paragraph\">\u00abHay gente que se asusta cuando hablo de crear nuevas monedas en nuevos comercios. No s\u00e9 por qu\u00e9 Brasil y Argentina tienen que hacer comercio en d\u00f3lares, por qu\u00e9 la gente no puede hacerlo en nuestras monedas. No s\u00e9 por qu\u00e9 Brasil y China no pueden hacer en nuestras monedas, por qu\u00e9 tengo que comprar d\u00f3lar\u00bb, pregunt\u00f3 el fundador del Partido de los Trabajadores.<\/p>\n\n\n\n<p class=\"wp-block-paragraph\">Adelant\u00f3 que la discusi\u00f3n sobre el tema est\u00e1 en su agenda de prioridades y deber\u00e1 ser tratado en la pr\u00f3xima reuni\u00f3n del Brics, grupo compuesto por Brasil, Rusia, India, China y Sud\u00e1frica, prevista para el segundo semestre.<\/p>\n\n\n\n<p class=\"wp-block-paragraph\">Igualmente, el exdirigente obrero asegur\u00f3 que llevar\u00e1 el asunto a la pr\u00f3xima cita del G20, que re\u00fane a los pa\u00edses con econom\u00edas m\u00e1s desarrolladas.<\/p>\n\n\n\n<p class=\"has-text-align-right wp-block-paragraph\"><em>PL<\/em><\/p>\n","protected":false},"excerpt":{"rendered":"<p>PAR\u00cdS, Francia.- El presidente brasile\u00f1o, Luiz In\u00e1cio Lula da Silva, calific\u00f3 hoy aqu\u00ed de amenaza las demandas de la Uni\u00f3n Europea (UE) para finalizar el acuerdo con el Mercado Com\u00fan del Sur (Mercosur). Al discursar en la Cumbre sobre Nuevo Pacto de Financiaci\u00f3n Global sentado al lado de su par franc\u00e9s, Emmanuel Macron, el exsindicalista [&hellip;]<\/p>\n","protected":false},"author":1,"featured_media":390444,"comment_status":"open","ping_status":"open","sticky":false,"template":"","format":"video","meta":{"_bbp_topic_count":0,"_bbp_reply_count":0,"_bbp_total_topic_count":0,"_bbp_total_reply_count":0,"_bbp_voice_count":0,"_bbp_anonymous_reply_count":0,"_bbp_topic_count_hidden":0,"_bbp_reply_count_hidden":0,"_bbp_forum_subforum_count":0,"footnotes":""},"categories":[61,106],"tags":[],"class_list":["post-390443","post","type-post","status-publish","format-video","has-post-thumbnail","category-mundo","category-video-news","post_format-post-format-video"],"_links":{"self":[{"href":"https:\/\/primermomento.com\/index.php?rest_route=\/wp\/v2\/posts\/390443","targetHints":{"allow":["GET"]}}],"collection":[{"href":"https:\/\/primermomento.com\/index.php?rest_route=\/wp\/v2\/posts"}],"about":[{"href":"https:\/\/primermomento.com\/index.php?rest_route=\/wp\/v2\/types\/post"}],"author":[{"embeddable":true,"href":"https:\/\/primermomento.com\/index.php?rest_route=\/wp\/v2\/users\/1"}],"replies":[{"embeddable":true,"href":"https:\/\/primermomento.com\/index.php?rest_route=%2Fwp%2Fv2%2Fcomments&post=390443"}],"version-history":[{"count":1,"href":"https:\/\/primermomento.com\/index.php?rest_route=\/wp\/v2\/posts\/390443\/revisions"}],"predecessor-version":[{"id":390446,"href":"https:\/\/primermomento.com\/index.php?rest_route=\/wp\/v2\/posts\/390443\/revisions\/390446"}],"wp:featuredmedia":[{"embeddable":true,"href":"https:\/\/primermomento.com\/index.php?rest_route=\/wp\/v2\/media\/390444"}],"wp:attachment":[{"href":"https:\/\/primermomento.com\/index.php?rest_route=%2Fwp%2Fv2%2Fmedia&parent=390443"}],"wp:term":[{"taxonomy":"category","embeddable":true,"href":"https:\/\/primermomento.com\/index.php?rest_route=%2Fwp%2Fv2%2Fcategories&post=390443"},{"taxonomy":"post_tag","embeddable":true,"href":"https:\/\/primermomento.com\/index.php?rest_route=%2Fwp%2Fv2%2Ftags&post=390443"}],"curies":[{"name":"wp","href":"https:\/\/api.w.org\/{rel}","templated":true}]}}