{"id":390468,"date":"2023-06-24T09:25:07","date_gmt":"2023-06-24T13:25:07","guid":{"rendered":"https:\/\/primermomento.com\/?p=390468"},"modified":"2023-06-24T13:07:41","modified_gmt":"2023-06-24T17:07:41","slug":"putin-califica-de-traicion-rebelion-armada-llamado-del-grupo-wagner","status":"publish","type":"post","link":"https:\/\/primermomento.com\/?p=390468","title":{"rendered":"Putin califica como una traici\u00f3n llamado a rebeli\u00f3n armada"},"content":{"rendered":"\n<p class=\"wp-block-paragraph\"><em><strong>Prensa Latina<\/strong><\/em><\/p>\n\n\n\n<p class=\"wp-block-paragraph\">MOSC\u00da, Rusia.- El presidente ruso, Vladimir Putin, calific\u00f3 hoy de traici\u00f3n movida por \u201cambiciones exorbitantes\u201d el llamamiento a la rebeli\u00f3n armada, organizada por el jefe del Grupo Wagner, Evgueni Prigozhin.<\/p>\n\n\n\n<p class=\"wp-block-paragraph\">\u201cQuienes cedan a este llamamiento ser\u00e1n arrastrados a una aventura criminal por enga\u00f1o o amenazas, empujados al camino de un delito grave\u201d, se\u00f1al\u00f3 el l\u00edder ruso en un discurso televisado.<\/p>\n\n\n<div class=\"wp-block-image\">\n<figure class=\"aligncenter size-full\"><img loading=\"lazy\" decoding=\"async\" width=\"604\" height=\"339\" src=\"https:\/\/primermomento.com\/wp-content\/uploads\/2023\/06\/Putin-6-1.jpg\" alt=\"\" class=\"wp-image-390470\" srcset=\"https:\/\/primermomento.com\/wp-content\/uploads\/2023\/06\/Putin-6-1.jpg 604w, https:\/\/primermomento.com\/wp-content\/uploads\/2023\/06\/Putin-6-1-300x168.jpg 300w\" sizes=\"auto, (max-width: 604px) 100vw, 604px\" \/><\/figure>\n<\/div>\n\n\n<p class=\"wp-block-paragraph\">Asegur\u00f3 que las Fuerzas Armadas de Rusia y dem\u00e1s \u00f3rganos gubernamentales recibieron \u00f3rdenes precisas, \u201cla reacci\u00f3n ser\u00e1 dura, los rebeldes ser\u00e1n castigados, protegeremos tanto a nuestra gente como a nuestro Estado de cualquier amenaza, incluso de la traici\u00f3n interna\u201d, sentenci\u00f3.<\/p>\n\n\n\n<p class=\"wp-block-paragraph\">Tambi\u00e9n, resalt\u00f3 el hero\u00edsmo de los militares rusos, \u201cel pa\u00eds lucha por la vida y la seguridad de nuestro pueblo, por nuestra soberan\u00eda e independencia, por el derecho a ser y seguir siendo Rusia, un Estado con una historia milenaria\u201d.<\/p>\n\n\n\n<p class=\"wp-block-paragraph\">Putin inform\u00f3 que el Comit\u00e9 Nacional Antiterrorista impuso un r\u00e9gimen de operaciones en la ciudad de Mosc\u00fa, las regiones de Mosc\u00fa y Vor\u00f3nezh.<\/p>\n\n\n\n<p class=\"wp-block-paragraph\">El 23 de junio, el Ministerio de Defensa de Rusia catalog\u00f3 de falsos los audios e im\u00e1genes publicadas en las redes en nombre de Prigozhin sobre supuestos ataques del Ej\u00e9rcito contra la retaguardia de los Wagner.<\/p>\n\n\n\n<p class=\"wp-block-paragraph\">Tras el lanzamiento de la convocatoria a la rebeli\u00f3n armada, el Servicio Federal de Seguridad de Rusia (FSB) abri\u00f3 un expediente judicial contra el fundador de la compa\u00f1\u00eda privada.<\/p>\n\n\n\n<p class=\"wp-block-paragraph\"><\/p>\n","protected":false},"excerpt":{"rendered":"<p>Prensa Latina MOSC\u00da, Rusia.- El presidente ruso, Vladimir Putin, calific\u00f3 hoy de traici\u00f3n movida por \u201cambiciones exorbitantes\u201d el llamamiento a la rebeli\u00f3n armada, organizada por el jefe del Grupo Wagner, Evgueni Prigozhin. \u201cQuienes cedan a este llamamiento ser\u00e1n arrastrados a una aventura criminal por enga\u00f1o o amenazas, empujados al camino de un delito grave\u201d, se\u00f1al\u00f3 [&hellip;]<\/p>\n","protected":false},"author":1,"featured_media":390469,"comment_status":"open","ping_status":"open","sticky":false,"template":"","format":"video","meta":{"_bbp_topic_count":0,"_bbp_reply_count":0,"_bbp_total_topic_count":0,"_bbp_total_reply_count":0,"_bbp_voice_count":0,"_bbp_anonymous_reply_count":0,"_bbp_topic_count_hidden":0,"_bbp_reply_count_hidden":0,"_bbp_forum_subforum_count":0,"footnotes":""},"categories":[61,106],"tags":[],"class_list":["post-390468","post","type-post","status-publish","format-video","has-post-thumbnail","category-mundo","category-video-news","post_format-post-format-video"],"_links":{"self":[{"href":"https:\/\/primermomento.com\/index.php?rest_route=\/wp\/v2\/posts\/390468","targetHints":{"allow":["GET"]}}],"collection":[{"href":"https:\/\/primermomento.com\/index.php?rest_route=\/wp\/v2\/posts"}],"about":[{"href":"https:\/\/primermomento.com\/index.php?rest_route=\/wp\/v2\/types\/post"}],"author":[{"embeddable":true,"href":"https:\/\/primermomento.com\/index.php?rest_route=\/wp\/v2\/users\/1"}],"replies":[{"embeddable":true,"href":"https:\/\/primermomento.com\/index.php?rest_route=%2Fwp%2Fv2%2Fcomments&post=390468"}],"version-history":[{"count":3,"href":"https:\/\/primermomento.com\/index.php?rest_route=\/wp\/v2\/posts\/390468\/revisions"}],"predecessor-version":[{"id":390474,"href":"https:\/\/primermomento.com\/index.php?rest_route=\/wp\/v2\/posts\/390468\/revisions\/390474"}],"wp:featuredmedia":[{"embeddable":true,"href":"https:\/\/primermomento.com\/index.php?rest_route=\/wp\/v2\/media\/390469"}],"wp:attachment":[{"href":"https:\/\/primermomento.com\/index.php?rest_route=%2Fwp%2Fv2%2Fmedia&parent=390468"}],"wp:term":[{"taxonomy":"category","embeddable":true,"href":"https:\/\/primermomento.com\/index.php?rest_route=%2Fwp%2Fv2%2Fcategories&post=390468"},{"taxonomy":"post_tag","embeddable":true,"href":"https:\/\/primermomento.com\/index.php?rest_route=%2Fwp%2Fv2%2Ftags&post=390468"}],"curies":[{"name":"wp","href":"https:\/\/api.w.org\/{rel}","templated":true}]}}