{"id":390508,"date":"2023-06-24T08:47:00","date_gmt":"2023-06-24T12:47:00","guid":{"rendered":"https:\/\/primermomento.com\/?p=390508"},"modified":"2023-06-24T18:23:58","modified_gmt":"2023-06-24T22:23:58","slug":"la-banda-pororo-es-un-fenomeno-musical-emotivo-y-bien-pensado","status":"publish","type":"post","link":"https:\/\/primermomento.com\/?p=390508","title":{"rendered":"La Banda Poror\u00f3 es un fen\u00f3meno musical emotivo y bien pensado"},"content":{"rendered":"\n<p class=\"wp-block-paragraph\"><em><strong>Jos\u00e9 Rafael Sosa<\/strong><\/em><\/p>\n\n\n\n<ul class=\"wp-block-list\">\n<li><strong>El secreto de Poror\u00f3 radica en la formaci\u00f3n, la inteligencia y la sensibilidad, y la sutileza para combinar sonidos, gamas sonoras, sin que se perciban forzadas.<\/strong><\/li>\n<\/ul>\n\n\n\n<p class=\"wp-block-paragraph\">SANTO DOMINGO, Rep\u00fablica Dominicana.- La banda Poror\u00f3, musicalmente, es un concepto brillante, sensitivo, de enorme poder l\u00fadico e intelectualmente definido. Nacida hace casi diez a\u00f1os, parte de una reflexi\u00f3n bien concebida, adscrita al carisma de un l\u00edder, Arnold Mart\u00ednez, que sabe escribir, cantar y hablar con trascendencia, con una trascendencia y conexi\u00f3n con el p\u00fablico c\u00f3mplice que le sigue.<\/p>\n\n\n\n<p class=\"wp-block-paragraph\">Asistimos el fin de semana a un concierto convocado como parte de la Fiesta de la M\u00fasica por el Centro Cultural Banreservas, en Capilla de los Remedios sin saber absolutamente nada de Poror\u00f3, lo cual, al&nbsp;pasar balance, fue lo mejor que pudo haber acontecido.<\/p>\n\n\n\n<p class=\"wp-block-paragraph\">Ese lienzo en blanco respecto de Poror\u00f3. Esa ignorancia, esa nadidad de conceptos o prejuicios en torno al grupo, fue factor determinante que ha jugado en favor del impacto que ha provocado. Descubrimos su esencia de arte musical aut\u00e9nticamente definido con inteligencia y ubicado en el marco de un cuadro en que<\/p>\n\n\n\n<p class=\"wp-block-paragraph\">Con nueve a\u00f1os de existencia, con procedencia social clar\u00edsimamente aut\u00e9ntica, tanto como puede ser la musical y originaria Villa Mella,&nbsp;Poror\u00f3fue fundada en noviembre de 2014, por un chico de Villa Mella, Arnold Mart\u00ednez.Este artista, sin poses, de vestuario despojado de &nbsp;la superficialidad, corresponde a quien se ha formado en la lectura y es poeta, que adem\u00e1s puede cantar con un sentido intimista y contagiante.<\/p>\n\n\n\n<p class=\"wp-block-paragraph\">Mart\u00ednez evidencia que tiene un concepto claro del arte originario y de identidad dominicana, que puede reforzarse con otros ritmos, pero manteniendo su esencia del Caribe.<\/p>\n\n\n\n<p class=\"wp-block-paragraph\"><a>El secreto de Poror\u00f3 radica en la formaci\u00f3n, la inteligencia y la sensibilidad, y la sutileza para combinar sonidos, gamas sonoras y sin que se perciban forzadas<\/a>, con letras de un nivel po\u00e9tico y u sentido r\u00edtmico que se cuela en la piel.<\/p>\n\n\n\n<p class=\"wp-block-paragraph\">Los dem\u00e1s integrantes de Poror\u00f3 y que le aportan la plataforma musical, son: Persio Dom\u00ednguez y Eudy Ram\u00edrez en la percusi\u00f3n, Daroll M\u00e9ndez en el bajo, Joel Rosario en la guitarra y Abel de la Rosa en el teclado.<\/p>\n\n\n\n<p class=\"wp-block-paragraph\">Poror\u00f3, definida en redes como una banda \u201cde m\u00fasica alternativa\u201d.&nbsp; \u00bfAlternativa respecto de qu\u00e9? \u00bfDe s\u00ed misma? \u00bfDe la m\u00fasica de qui\u00e9n? \u00bfDe los ritmos de la \u00e9pocas recientes o anejas? Poror\u00f3 hace m\u00fasica sustentada en la excelencia de su l\u00edrica, en la fuerza de su poes\u00eda que canta a todo. Es una banda de m\u00fasica y punto.<\/p>\n\n\n\n<p class=\"wp-block-paragraph\">Lo que recibimos de esta orquesta, en ese concierto, fue una descarga de arte musical integral y completa, con modos de tocar y maneras de interpretar de estilo propio, de enorme conectividad por la originalidad de la propuesta, la excelente estructuraci\u00f3n del formulario musical, el espectro de ritmos que, sobre la base de una identidad comunitaria y muy dominicana, no desecha incluir corrientes internacionales de la m\u00fasica, sobre todo tomando elementos del pop, matizando con el tono&nbsp; caribe\u00f1o&nbsp; en lo ac\u00fastico y dejando espacio a que la poes\u00eda cantada sea el punto de encuentro.&nbsp;<\/p>\n\n\n\n<p class=\"wp-block-paragraph\">Nos encontramos con Poror\u00f3 sin saber nada de su existencia, lo confesamos. Y fue hasta mejor.&nbsp; Acudimos a un concierto que convocaba, parte del programa de la Fiesta de la M\u00fasica 2023, en Ciudad Colonial, el Centro Cultural Banreservas, en un escenario inusual: la Capilla Nuestra Se\u00f1ora de los Remedios, de la calle Las Damas.<\/p>\n\n\n\n<p class=\"wp-block-paragraph\">Era una paradoja, un concierto&nbsp;con un grupo musical que representa la vanguardia musical joven en un templo de formidable y hermosa arquitectura de&nbsp;estilo mud\u00e9jar, (no g\u00f3tico como suele creerse), &nbsp;fachada de ladrillo rojo rematada en espada\u00f1a de triple arcada y b\u00f3veda de ca\u00f1\u00f3n con nervaduras en ladrillos dispuestos al mejor estilo de \u00e9poca y construida por una de las familias ricas de la \u00e9poca de la colonia, la D\u00e1vila.<\/p>\n\n\n\n<p class=\"wp-block-paragraph\">Centro Cultural Banreservas proced\u00eda de ofrecer en su espacio de la Isabel La Cat\u00f3lica, dos exposiciones en los d\u00edas previos al concierto Poror\u00f3: la exposici\u00f3n comentada de las mejores voces populares de los a\u00f1os 80\u2019s, a cargo del profesor Luis Thevenin, maestro internacional de canto y tenor de tesitura hermosa y sostenida, y el panel sobre apuntes para lograr una historia oficial del rock dominicano.<\/p>\n\n\n\n<p class=\"wp-block-paragraph\">Los paneles fueron propuestos por proyecto El ara\u00f1azo, con Alexei Teller\u00edas, gestor cultural y moderador), King S\u00e1nchez (creador de las Olimpiadas del Rock de los a\u00f1os 80\u2019s) Milton Cordero (Lechuga), participante del rock criollo de los a\u00f1os 90\u2019s y la music\u00f3loga y cantante Rossy D\u00edaz y una personalidad activa en la escena alternativa.<\/p>\n\n\n\n<p class=\"wp-block-paragraph\"><strong>La trayectoria Poror\u00f3<\/strong><\/p>\n\n\n\n<p class=\"wp-block-paragraph\">Poror\u00f3 estren\u00f3 en el 2019, estrenaron su primer \u00e1lbum \u2018\u2019Por los dos\u2019\u2019, que los ha llevado a diferentes escenarios del pa\u00eds. Seg\u00fan Rossy D\u00ecaz, investigadora de la m\u00fasica, sostiene \u201cEste&nbsp;grupo de j\u00f3venes m\u00fasicos se acompa\u00f1an de excelentes composiciones; la voz del cantante ha dado un sello \u00fanico al sonido de la nueva canci\u00f3n dominicana\u201d.<\/p>\n\n\n\n<p class=\"wp-block-paragraph\">Poror\u00f3<strong>&nbsp;<\/strong>se apega a la interpretaci\u00f3n del mestizaje musical que resuena en este lado del Caribe y eso retrata el nuevo disco en vivo, producido por Les Bueno, que pretende adaptar la experiencia de los conciertos y llevar parte de esa energ\u00eda a un formato digital, con las versiones extendidas del \u00e1lbum \u2018\u2019Por los dos\u2019\u2019 y las canciones \u2018\u2019Volar\u2019\u2019, \u2018\u2019Esta y cada vez\u2019\u2019, \u2018\u2019Ah\u00ed e\u2019\u2019 y \u2018\u2019El conguito\u2019\u2019, que reflejan la evoluci\u00f3n sonora de la banda.<\/p>\n\n\n\n<p class=\"wp-block-paragraph\">Adem\u00e1s, el disco en vivo cont\u00f3 con la participaci\u00f3n de m\u00fasicos y artistas dominicanos como Rafa Pay\u00e1n en la guitarra, Nulibeth Ortiz en el chelo, los cineastas Guillermo Zouain y Wendy Mu\u00f1iz en la producci\u00f3n de visuales, la dise\u00f1adora Karla Dipuglia en el dise\u00f1o de la portada.<\/p>\n\n\n\n<p class=\"wp-block-paragraph\">M\u00e1s que a influencias directas del folclor,&nbsp;Poror\u00f3&nbsp;se apega a la interpretaci\u00f3n del mestizaje musical que resuena en este lado del Caribe y eso retrata el nuevo disco en vivo, producido por Les Bueno, que pretende adaptar la experiencia de los conciertos,<\/p>\n\n\n\n<p class=\"wp-block-paragraph\">Sus \u00e9xitos, \u2018\u2019Por los dos\u2019\u2019 y canciones \u2018\u2019Volar\u2019\u2019, \u2018\u2019Esta y cada vez\u2019\u2019, \u2018\u2019Ah\u00ed e\u2019\u2019 y \u2018\u2019El conguito\u2019\u2019, entre otros, impactan, ponen la gente a cantar y bailar, seguidores que se saben las letras, que se identifican en ese fen\u00f3meno de \u201ccoro infinito\u201d que tan pocos artistas logran desde escenario.<\/p>\n\n\n\n<p class=\"wp-block-paragraph\">La experiencia Poror\u00f3 nos deja sorprendidos y satisfechos.<\/p>\n","protected":false},"excerpt":{"rendered":"<p>Jos\u00e9 Rafael Sosa SANTO DOMINGO, Rep\u00fablica Dominicana.- La banda Poror\u00f3, musicalmente, es un concepto brillante, sensitivo, de enorme poder l\u00fadico e intelectualmente definido. Nacida hace casi diez a\u00f1os, parte de una reflexi\u00f3n bien concebida, adscrita al carisma de un l\u00edder, Arnold Mart\u00ednez, que sabe escribir, cantar y hablar con trascendencia, con una trascendencia y conexi\u00f3n [&hellip;]<\/p>\n","protected":false},"author":1,"featured_media":390509,"comment_status":"open","ping_status":"open","sticky":false,"template":"","format":"standard","meta":{"_bbp_topic_count":0,"_bbp_reply_count":0,"_bbp_total_topic_count":0,"_bbp_total_reply_count":0,"_bbp_voice_count":0,"_bbp_anonymous_reply_count":0,"_bbp_topic_count_hidden":0,"_bbp_reply_count_hidden":0,"_bbp_forum_subforum_count":0,"footnotes":""},"categories":[39],"tags":[],"class_list":["post-390508","post","type-post","status-publish","format-standard","has-post-thumbnail","category-entretenimiento"],"_links":{"self":[{"href":"https:\/\/primermomento.com\/index.php?rest_route=\/wp\/v2\/posts\/390508","targetHints":{"allow":["GET"]}}],"collection":[{"href":"https:\/\/primermomento.com\/index.php?rest_route=\/wp\/v2\/posts"}],"about":[{"href":"https:\/\/primermomento.com\/index.php?rest_route=\/wp\/v2\/types\/post"}],"author":[{"embeddable":true,"href":"https:\/\/primermomento.com\/index.php?rest_route=\/wp\/v2\/users\/1"}],"replies":[{"embeddable":true,"href":"https:\/\/primermomento.com\/index.php?rest_route=%2Fwp%2Fv2%2Fcomments&post=390508"}],"version-history":[{"count":1,"href":"https:\/\/primermomento.com\/index.php?rest_route=\/wp\/v2\/posts\/390508\/revisions"}],"predecessor-version":[{"id":390510,"href":"https:\/\/primermomento.com\/index.php?rest_route=\/wp\/v2\/posts\/390508\/revisions\/390510"}],"wp:featuredmedia":[{"embeddable":true,"href":"https:\/\/primermomento.com\/index.php?rest_route=\/wp\/v2\/media\/390509"}],"wp:attachment":[{"href":"https:\/\/primermomento.com\/index.php?rest_route=%2Fwp%2Fv2%2Fmedia&parent=390508"}],"wp:term":[{"taxonomy":"category","embeddable":true,"href":"https:\/\/primermomento.com\/index.php?rest_route=%2Fwp%2Fv2%2Fcategories&post=390508"},{"taxonomy":"post_tag","embeddable":true,"href":"https:\/\/primermomento.com\/index.php?rest_route=%2Fwp%2Fv2%2Ftags&post=390508"}],"curies":[{"name":"wp","href":"https:\/\/api.w.org\/{rel}","templated":true}]}}