{"id":390610,"date":"2023-06-26T17:51:50","date_gmt":"2023-06-26T21:51:50","guid":{"rendered":"https:\/\/primermomento.com\/?p=390610"},"modified":"2023-06-26T17:52:12","modified_gmt":"2023-06-26T21:52:12","slug":"putin-intentos-de-disturbios-en-rusia-estan-condenados-al-fracaso","status":"publish","type":"post","link":"https:\/\/primermomento.com\/?p=390610","title":{"rendered":"Putin: Intentos de disturbios en Rusia est\u00e1n condenados al fracaso"},"content":{"rendered":"\n<p class=\"wp-block-paragraph\"><em><strong>Prensa Latina<\/strong><\/em><\/p>\n\n\n\n<p class=\"wp-block-paragraph\">MOSC\u00da, Rusia.- En un nuevo mensaje a la naci\u00f3n, el presidente Vlad\u00edmir Putin, enfatiz\u00f3 hoy, en referencia al fracasado intento de rebeli\u00f3n del Grupo Wagner, que cualquier tentativa de causar disturbios en Rusia estar\u00eda condenada al fracaso.<\/p>\n\n\n\n<p class=\"wp-block-paragraph\">En sus palabras, Putin agradeci\u00f3 a los rusos por su resistencia, solidaridad, unidad y patriotismo manifestados durante los sucesos del pasado s\u00e1bado, que demostraron una mayor consolidaci\u00f3n de la sociedad, y de los poderes ejecutivo y legislativo en todos los niveles.<\/p>\n\n\n\n<figure class=\"wp-block-image size-full\"><img loading=\"lazy\" decoding=\"async\" width=\"960\" height=\"538\" src=\"https:\/\/primermomento.com\/wp-content\/uploads\/2023\/06\/putin-discurso-1.jpg\" alt=\"\" class=\"wp-image-390612\" srcset=\"https:\/\/primermomento.com\/wp-content\/uploads\/2023\/06\/putin-discurso-1.jpg 960w, https:\/\/primermomento.com\/wp-content\/uploads\/2023\/06\/putin-discurso-1-300x168.jpg 300w, https:\/\/primermomento.com\/wp-content\/uploads\/2023\/06\/putin-discurso-1-768x430.jpg 768w, https:\/\/primermomento.com\/wp-content\/uploads\/2023\/06\/putin-discurso-1-696x390.jpg 696w\" sizes=\"auto, (max-width: 960px) 100vw, 960px\" \/><\/figure>\n\n\n\n<p class=\"wp-block-paragraph\">Seg\u00fan el mandatario, las organizaciones p\u00fablicas, las denominaciones religiosas, los principales partidos pol\u00edticos, de hecho, toda la sociedad rusa, tomaron una posici\u00f3n firme e inequ\u00edvoca en apoyo del orden constitucional.<\/p>\n\n\n\n<p class=\"wp-block-paragraph\">Todos estaban unidos por lo principal: la responsabilidad por el destino de la Patria, destac\u00f3 el mandatario ruso.<\/p>\n\n\n\n<p class=\"wp-block-paragraph\">M\u00e1s adelante, Putin refiri\u00f3 que la rebeli\u00f3n armada habr\u00eda sido reprimida en cualquier caso, y los organizadores de la misma, a pesar de su falta de adecuaci\u00f3n, no pod\u00edan no ser conscientes de ello, agreg\u00f3.<\/p>\n\n\n\n<p class=\"wp-block-paragraph\">Igualmente, agradeci\u00f3 al jefe de estado belaruso, Aleksander Lukashenko, por sus esfuerzos y su contribuci\u00f3n a la resoluci\u00f3n pac\u00edfica de la situaci\u00f3n.<\/p>\n\n\n\n<p class=\"wp-block-paragraph\">En su discurso de este lunes, el l\u00edder ruso dijo que se intent\u00f3 utilizar \u00aba ciegas\u00bb a los combatientes y comandantes de la empresa militar privada Wagner.<\/p>\n\n\n\n<p class=\"wp-block-paragraph\">\u00abSab\u00edamos y sabemos que la gran mayor\u00eda de los combatientes y comandantes del Grupo Wagner son tambi\u00e9n patriotas de Rusia, leales a su pueblo y al Estado\u201d, apunt\u00f3.<\/p>\n\n\n\n<p class=\"wp-block-paragraph\">Ellos lo demostraron con su valent\u00eda en el campo de batalla, liberando Donb\u00e1s y Novor\u00f3ssiya. Se intent\u00f3 ponerlos contra sus hermanos de armas, con los que lucharon juntos por el bien del pa\u00eds y su futuro\u00bb, afirm\u00f3 el jefe del Estado ruso.<\/p>\n\n\n\n<p class=\"wp-block-paragraph\">Los organizadores de la rebeli\u00f3n armada traicionaron no solo a su pa\u00eds y a su pueblo, sino tambi\u00e9n a quienes se vieron envueltos en este crimen, inst\u00e1ndolos a disparar contra sus compatriotas, anunci\u00f3 el presidente ruso en su discurso televisado.<\/p>\n\n\n\n<p class=\"wp-block-paragraph\">Los combatientes de Wagner hoy tienen la oportunidad de continuar sirviendo a Rusia firmando un contrato con el Ministerio de Defensa u otras agencias de aplicaci\u00f3n de la ley, o regresar con su familia y amigos. El que quiera, puede ir a Belar\u00fas, la promesa que hice se cumplir\u00e1, destac\u00f3.<\/p>\n\n\n\n<p class=\"wp-block-paragraph\">Putin tambi\u00e9n agradeci\u00f3 a los combatientes y comandantes del Grupo Wagner, \u00abque tomaron la \u00fanica decisi\u00f3n correcta: no cometieron un derramamiento de sangre fratricida y se detuvieron en la \u00faltima l\u00ednea\u00bb.<\/p>\n\n\n\n<p class=\"wp-block-paragraph\">Los enemigos de Rusia quer\u00edan que el pa\u00eds se ahogara en una sangrienta guerra civil, pero calcularon mal, puntualiz\u00f3 Putin.<\/p>\n\n\n\n<p class=\"wp-block-paragraph\">\u00abEste es exactamente el resultado, el fratricidio, que quer\u00edan los enemigos de Rusia: los neonazis, sus patrones occidentales y todo tipo de traidores nacionales. Quer\u00edan que los soldados rusos se mataran entre s\u00ed, que mataran al personal militar y a los civiles\u201d.<\/p>\n\n\n\n<p class=\"wp-block-paragraph\">El objetivo era que al final Rusia perdiera, y nuestra sociedad se dividiera, ahogada en una sangrienta lucha civil, afirm\u00f3 el jefe de Estado ruso.<\/p>\n\n\n\n<p class=\"wp-block-paragraph\">\u00abDesde el comienzo mismo de los acontecimientos se tomaron medidas por orden directa m\u00eda para evitar un gran derramamiento de sangre. Esto tom\u00f3 tiempo, entre otras cosas, para dar a quienes cometieron un error la oportunidad de recapacitar\u201d, se\u00f1al\u00f3 el jefe de estado<\/p>\n\n\n\n<p class=\"wp-block-paragraph\">Adem\u00e1s, deb\u00edan entender que sus acciones fueron rechazadas en\u00e9rgicamente por la sociedad, y para que tuvieran claro a qu\u00e9 tr\u00e1gicas y destructivas consecuencias para Rusia, para nuestro Estado conducir\u00eda la aventura en la que fueron arrastrados, concluy\u00f3 Putin.<\/p>\n","protected":false},"excerpt":{"rendered":"<p>Prensa Latina MOSC\u00da, Rusia.- En un nuevo mensaje a la naci\u00f3n, el presidente Vlad\u00edmir Putin, enfatiz\u00f3 hoy, en referencia al fracasado intento de rebeli\u00f3n del Grupo Wagner, que cualquier tentativa de causar disturbios en Rusia estar\u00eda condenada al fracaso. En sus palabras, Putin agradeci\u00f3 a los rusos por su resistencia, solidaridad, unidad y patriotismo manifestados [&hellip;]<\/p>\n","protected":false},"author":1,"featured_media":390611,"comment_status":"open","ping_status":"open","sticky":false,"template":"","format":"video","meta":{"_bbp_topic_count":0,"_bbp_reply_count":0,"_bbp_total_topic_count":0,"_bbp_total_reply_count":0,"_bbp_voice_count":0,"_bbp_anonymous_reply_count":0,"_bbp_topic_count_hidden":0,"_bbp_reply_count_hidden":0,"_bbp_forum_subforum_count":0,"footnotes":""},"categories":[61,106],"tags":[],"class_list":["post-390610","post","type-post","status-publish","format-video","has-post-thumbnail","category-mundo","category-video-news","post_format-post-format-video"],"_links":{"self":[{"href":"https:\/\/primermomento.com\/index.php?rest_route=\/wp\/v2\/posts\/390610","targetHints":{"allow":["GET"]}}],"collection":[{"href":"https:\/\/primermomento.com\/index.php?rest_route=\/wp\/v2\/posts"}],"about":[{"href":"https:\/\/primermomento.com\/index.php?rest_route=\/wp\/v2\/types\/post"}],"author":[{"embeddable":true,"href":"https:\/\/primermomento.com\/index.php?rest_route=\/wp\/v2\/users\/1"}],"replies":[{"embeddable":true,"href":"https:\/\/primermomento.com\/index.php?rest_route=%2Fwp%2Fv2%2Fcomments&post=390610"}],"version-history":[{"count":1,"href":"https:\/\/primermomento.com\/index.php?rest_route=\/wp\/v2\/posts\/390610\/revisions"}],"predecessor-version":[{"id":390613,"href":"https:\/\/primermomento.com\/index.php?rest_route=\/wp\/v2\/posts\/390610\/revisions\/390613"}],"wp:featuredmedia":[{"embeddable":true,"href":"https:\/\/primermomento.com\/index.php?rest_route=\/wp\/v2\/media\/390611"}],"wp:attachment":[{"href":"https:\/\/primermomento.com\/index.php?rest_route=%2Fwp%2Fv2%2Fmedia&parent=390610"}],"wp:term":[{"taxonomy":"category","embeddable":true,"href":"https:\/\/primermomento.com\/index.php?rest_route=%2Fwp%2Fv2%2Fcategories&post=390610"},{"taxonomy":"post_tag","embeddable":true,"href":"https:\/\/primermomento.com\/index.php?rest_route=%2Fwp%2Fv2%2Ftags&post=390610"}],"curies":[{"name":"wp","href":"https:\/\/api.w.org\/{rel}","templated":true}]}}