{"id":390637,"date":"2023-06-27T12:20:00","date_gmt":"2023-06-27T16:20:00","guid":{"rendered":"https:\/\/primermomento.com\/?p=390637"},"modified":"2023-06-27T13:23:48","modified_gmt":"2023-06-27T17:23:48","slug":"festfilmrd-2023-con-imperdible-cartelera-dominicana-de-estrenos-y-reposiciones","status":"publish","type":"post","link":"https:\/\/primermomento.com\/?p=390637","title":{"rendered":"FestfilmRD 2023 con imperdible cartelera dominicana de estrenos y reposiciones"},"content":{"rendered":"\n<p class=\"wp-block-paragraph\"><em><strong>Servicio de Prensa<\/strong><\/em><\/p>\n\n\n\n<p class=\"wp-block-paragraph\">SANTO DOMINGO, Rep\u00fablica Dominicana.- Desde este pasado lunes 19 de este mes de junio de 2023, cuando se inaugur\u00f3 el\u00a0<strong>V Festival de Cine RD 2023<\/strong>, en Palacio del Cine Blue Mall, con la proyecci\u00f3n de Rango de Honor, (alfombra roja y\u00a0<em>merchandaise<\/em>\u00a0exuberante incluidos) el p\u00fablico y la cr\u00edtica se encuentran ante una cartelera exquisita que permitir\u00e1 ver 10 largometrajes y 20 cortometrajes de estreno.<\/p>\n\n\n\n<p class=\"wp-block-paragraph\">La oferta es encabezada por&nbsp;<strong>Rango de Honor<\/strong>&nbsp;(Carlos Salcedo) que abri\u00f3 el evento y el documental La<strong>&nbsp;Cuna del Dembow<\/strong>, (Rodrigo Rodr\u00edguez), con que lo clausura el 28 de este mes en Palacio del Cine \u00c1gora Mall.<\/p>\n\n\n\n<p class=\"wp-block-paragraph\">Esta es, posiblemente, la edici\u00f3n m\u00e1s completa de las que produjeron hasta el momento&nbsp;<strong>Armando Guare\u00f1o<\/strong>&nbsp;y su equipo, al ofrecer 120 producciones, lo que incluye que esperan provocar reacciones del p\u00fablico y los opinadores cinematogr\u00e1ficos.<\/p>\n\n\n\n<p class=\"wp-block-paragraph\"><strong>Estrenos y otras cintas trascendentes&nbsp;<\/strong><\/p>\n\n\n\n<p class=\"wp-block-paragraph\">En los estrenos m\u00e1s esperados est\u00e1n: El Plan, (Roberto Cornelio) y \u201cLa Cuna del Dembow\u201d, (Rodrigo Rodr\u00edguez) con el cual el&nbsp;<strong>FestfilmRD<\/strong>&nbsp;2023, clausura el evento el d\u00eda 28 en Palacio del Cine de \u00c1gora Mall<\/p>\n\n\n\n<p class=\"wp-block-paragraph\">El V Festival de Cine Dominicano ofrece el chance de poder ver las piezas m\u00e1s notables entre las ya proyectadas comercialmente (y que mucha gente no vio por diversas razones): M\u00e1s que el agua, Carajita, El APP, Danny 45, Rafaela, Brujer\u00eda, los documentales Di\u00e1spora y La trayectoria de la Salsa, Guayabo, Perejil, Candela, Por eso vengo al R\u00edo y La boya, otras que pueden verse en el programa que cierra esta nota.<\/p>\n\n\n\n<p class=\"wp-block-paragraph\"><strong>\u00bfC\u00f3mo nace FESTFILMRD?<\/strong><\/p>\n\n\n\n<p class=\"wp-block-paragraph\">El Festival fundado por Armando Guareno, creador tambi\u00e9n del Festival de Cine Dominicano en NY, (que alcanz\u00f3 nueve ediciones)&nbsp; evolucion\u00f3 hacia este perfil del evento y que busca promover la industria cinematogr\u00e1fica ante la nueva generaci\u00f3n de directores de cine, as\u00ed como de los ya establecidos, incluyendo la producci\u00f3n de los cineastas dominicanos en el exterior y especialmente en Estados Unidos.<\/p>\n\n\n\n<p class=\"wp-block-paragraph\">El evento cinematogr\u00e1fico tiene el auspicio de Palacio del Cine (que este martes ofreci\u00f3 una&nbsp;<a href=\"https:\/\/www.diariolibre.com\/revista\/cine\/2023\/05\/17\/anuncian-v-edicion-del-festival-de-cine-dominicano\/2317243\" target=\"_blank\" rel=\"noreferrer noopener\">premiere privada&nbsp; de Rango de Honor,<\/a>&nbsp;alternativa con la asistencia del presidente Luis Abinader) , Banreservas, Dominican Film Festival NY, Consulado Dominicano en NY, JP Chenet (Francia) y la DGCINE, del Ministerio de Cultura.<\/p>\n\n\n\n<p class=\"wp-block-paragraph\">Esta es la programaci\u00f3n completa del FESTCINERD 2023.<\/p>\n\n\n\n<p class=\"wp-block-paragraph\"><a href=\"https:\/\/joserafaelsosa.com\/wp-content\/uploads\/2023\/06\/ProgramacionFESTCINERD-2023.pdf\" target=\"_blank\" rel=\"noreferrer noopener\">Programaci\u00f3nFESTCINERD 2023 (joserafaelsosa.com)<\/a><\/p>\n","protected":false},"excerpt":{"rendered":"<p>Servicio de Prensa SANTO DOMINGO, Rep\u00fablica Dominicana.- Desde este pasado lunes 19 de este mes de junio de 2023, cuando se inaugur\u00f3 el\u00a0V Festival de Cine RD 2023, en Palacio del Cine Blue Mall, con la proyecci\u00f3n de Rango de Honor, (alfombra roja y\u00a0merchandaise\u00a0exuberante incluidos) el p\u00fablico y la cr\u00edtica se encuentran ante una cartelera [&hellip;]<\/p>\n","protected":false},"author":1,"featured_media":390638,"comment_status":"open","ping_status":"open","sticky":false,"template":"","format":"standard","meta":{"_bbp_topic_count":0,"_bbp_reply_count":0,"_bbp_total_topic_count":0,"_bbp_total_reply_count":0,"_bbp_voice_count":0,"_bbp_anonymous_reply_count":0,"_bbp_topic_count_hidden":0,"_bbp_reply_count_hidden":0,"_bbp_forum_subforum_count":0,"footnotes":""},"categories":[39],"tags":[],"class_list":["post-390637","post","type-post","status-publish","format-standard","has-post-thumbnail","category-entretenimiento"],"_links":{"self":[{"href":"https:\/\/primermomento.com\/index.php?rest_route=\/wp\/v2\/posts\/390637","targetHints":{"allow":["GET"]}}],"collection":[{"href":"https:\/\/primermomento.com\/index.php?rest_route=\/wp\/v2\/posts"}],"about":[{"href":"https:\/\/primermomento.com\/index.php?rest_route=\/wp\/v2\/types\/post"}],"author":[{"embeddable":true,"href":"https:\/\/primermomento.com\/index.php?rest_route=\/wp\/v2\/users\/1"}],"replies":[{"embeddable":true,"href":"https:\/\/primermomento.com\/index.php?rest_route=%2Fwp%2Fv2%2Fcomments&post=390637"}],"version-history":[{"count":1,"href":"https:\/\/primermomento.com\/index.php?rest_route=\/wp\/v2\/posts\/390637\/revisions"}],"predecessor-version":[{"id":390639,"href":"https:\/\/primermomento.com\/index.php?rest_route=\/wp\/v2\/posts\/390637\/revisions\/390639"}],"wp:featuredmedia":[{"embeddable":true,"href":"https:\/\/primermomento.com\/index.php?rest_route=\/wp\/v2\/media\/390638"}],"wp:attachment":[{"href":"https:\/\/primermomento.com\/index.php?rest_route=%2Fwp%2Fv2%2Fmedia&parent=390637"}],"wp:term":[{"taxonomy":"category","embeddable":true,"href":"https:\/\/primermomento.com\/index.php?rest_route=%2Fwp%2Fv2%2Fcategories&post=390637"},{"taxonomy":"post_tag","embeddable":true,"href":"https:\/\/primermomento.com\/index.php?rest_route=%2Fwp%2Fv2%2Ftags&post=390637"}],"curies":[{"name":"wp","href":"https:\/\/api.w.org\/{rel}","templated":true}]}}