{"id":390739,"date":"2023-06-28T19:35:43","date_gmt":"2023-06-28T23:35:43","guid":{"rendered":"https:\/\/primermomento.com\/?p=390739"},"modified":"2023-06-29T06:40:00","modified_gmt":"2023-06-29T10:40:00","slug":"madonna-pospone-gira-tras-ser-hospitalizada-por-una-infeccion-bacteriana-grave","status":"publish","type":"post","link":"https:\/\/primermomento.com\/?p=390739","title":{"rendered":"Madonna pospone gira tras ser hospitalizada por una \u00abinfecci\u00f3n bacteriana grave"},"content":{"rendered":"\n<p class=\"wp-block-paragraph\"><em><strong>Prensa Latina<\/strong><\/em><\/p>\n\n\n\n<p class=\"wp-block-paragraph\">LOS \u00c1NGELES, EEUU.- La afamada cantante, bailarina y productora estadounidense Madonna debi\u00f3 posponer su gira Celebration World Tour por una \u00abinfecci\u00f3n bacteriana grave\u00bb, seg\u00fan confirm\u00f3 hoy el m\u00e1nager de talentos de la artista, Guy Oseary.<\/p>\n\n\n\n<p class=\"wp-block-paragraph\">El tour estaba programado para comenzar en julio pr\u00f3ximo en conmemoraci\u00f3n del aniversario 40 de carrera art\u00edstica de Madonna.<\/p>\n\n\n\n<p class=\"wp-block-paragraph\">Oseary public\u00f3 en su perfil de Instagram que \u00abse espera una recuperaci\u00f3n completa\u00bb de la mundialmente llamada reina del pop, y el aplazamiento de su gira debe ser provisional.<\/p>\n\n\n\n<p class=\"wp-block-paragraph\">Se estima que Madonna rebasar\u00e1 la infecci\u00f3n bacteriana que result\u00f3 en una hospitalizaci\u00f3n de varios d\u00edas tras padecerla desde el pasado 24 de junio.<\/p>\n\n\n\n<p class=\"wp-block-paragraph\">Celebration World Tour fue concebida como una de las giras m\u00e1s ambiciosas de la cantante neoyorquina, de 64 a\u00f1os, con m\u00e1s de 80 conciertos que abarcan Norteam\u00e9rica y Europa.<\/p>\n","protected":false},"excerpt":{"rendered":"<p>Prensa Latina LOS \u00c1NGELES, EEUU.- La afamada cantante, bailarina y productora estadounidense Madonna debi\u00f3 posponer su gira Celebration World Tour por una \u00abinfecci\u00f3n bacteriana grave\u00bb, seg\u00fan confirm\u00f3 hoy el m\u00e1nager de talentos de la artista, Guy Oseary. El tour estaba programado para comenzar en julio pr\u00f3ximo en conmemoraci\u00f3n del aniversario 40 de carrera art\u00edstica de [&hellip;]<\/p>\n","protected":false},"author":1,"featured_media":282398,"comment_status":"open","ping_status":"open","sticky":false,"template":"","format":"video","meta":{"_bbp_topic_count":0,"_bbp_reply_count":0,"_bbp_total_topic_count":0,"_bbp_total_reply_count":0,"_bbp_voice_count":0,"_bbp_anonymous_reply_count":0,"_bbp_topic_count_hidden":0,"_bbp_reply_count_hidden":0,"_bbp_forum_subforum_count":0,"footnotes":""},"categories":[39,106],"tags":[],"class_list":["post-390739","post","type-post","status-publish","format-video","has-post-thumbnail","category-entretenimiento","category-video-news","post_format-post-format-video"],"_links":{"self":[{"href":"https:\/\/primermomento.com\/index.php?rest_route=\/wp\/v2\/posts\/390739","targetHints":{"allow":["GET"]}}],"collection":[{"href":"https:\/\/primermomento.com\/index.php?rest_route=\/wp\/v2\/posts"}],"about":[{"href":"https:\/\/primermomento.com\/index.php?rest_route=\/wp\/v2\/types\/post"}],"author":[{"embeddable":true,"href":"https:\/\/primermomento.com\/index.php?rest_route=\/wp\/v2\/users\/1"}],"replies":[{"embeddable":true,"href":"https:\/\/primermomento.com\/index.php?rest_route=%2Fwp%2Fv2%2Fcomments&post=390739"}],"version-history":[{"count":1,"href":"https:\/\/primermomento.com\/index.php?rest_route=\/wp\/v2\/posts\/390739\/revisions"}],"predecessor-version":[{"id":390740,"href":"https:\/\/primermomento.com\/index.php?rest_route=\/wp\/v2\/posts\/390739\/revisions\/390740"}],"wp:featuredmedia":[{"embeddable":true,"href":"https:\/\/primermomento.com\/index.php?rest_route=\/wp\/v2\/media\/282398"}],"wp:attachment":[{"href":"https:\/\/primermomento.com\/index.php?rest_route=%2Fwp%2Fv2%2Fmedia&parent=390739"}],"wp:term":[{"taxonomy":"category","embeddable":true,"href":"https:\/\/primermomento.com\/index.php?rest_route=%2Fwp%2Fv2%2Fcategories&post=390739"},{"taxonomy":"post_tag","embeddable":true,"href":"https:\/\/primermomento.com\/index.php?rest_route=%2Fwp%2Fv2%2Ftags&post=390739"}],"curies":[{"name":"wp","href":"https:\/\/api.w.org\/{rel}","templated":true}]}}