{"id":390775,"date":"2023-06-29T10:13:17","date_gmt":"2023-06-29T14:13:17","guid":{"rendered":"https:\/\/primermomento.com\/?p=390775"},"modified":"2023-06-29T19:28:10","modified_gmt":"2023-06-29T23:28:10","slug":"bani-edil-del-prm-participo-como-observadora-internacional-de-comicios-presidenciales-de-guatemala","status":"publish","type":"post","link":"https:\/\/primermomento.com\/?p=390775","title":{"rendered":"BAN\u00cd | Edil del PRD particip\u00f3 como observadora internacional de comicios presidenciales de Guatemala"},"content":{"rendered":"\n<p class=\"wp-block-paragraph\">CIUDAD DE GUATEMALA, Guatemala.- La regidora del PRD por el municipio de Ban\u00ed, Judith Peguero, particip\u00f3 como observadora internacional en las recientes elecciones presidenciales de Guatemala.<\/p>\n\n\n\n<p class=\"wp-block-paragraph\">En un comunicado, se inform\u00f3 que la designaci\u00f3n de Peguero como observadora internacional respondi\u00f3 al inter\u00e9s de valorar sus acciones y logros, as\u00ed como tambi\u00e9n promover su participaci\u00f3n en procesos electorales a fin de contribuir con el desarrollo de sus habilidades pol\u00edticas.<\/p>\n\n\n\n<p class=\"wp-block-paragraph\">A la edil del PRD se le asign\u00f3, junto a otros j\u00f3venes del pa\u00eds, la funci\u00f3n de desarrollar una misio\u0301n de observacio\u0301n sistema\u0301tica, de cara\u0301cter cualitativo y cuantitativo, en los a\u0301mbitos local y nacional, con metodologi\u0301as para recabar datos e informaciones verificables sobre el desarrollo de las etapas de un proceso electoral, adem\u00e1s de aprender las herramientas y formas de impulsar la democracia en Rep\u00fablica Dominicana.<\/p>\n\n\n\n<figure class=\"wp-block-image size-full\"><img loading=\"lazy\" decoding=\"async\" width=\"848\" height=\"471\" src=\"https:\/\/primermomento.com\/wp-content\/uploads\/2023\/06\/JPeguero-en-Guatemala-1.jpg\" alt=\"\" class=\"wp-image-390777\" srcset=\"https:\/\/primermomento.com\/wp-content\/uploads\/2023\/06\/JPeguero-en-Guatemala-1.jpg 848w, https:\/\/primermomento.com\/wp-content\/uploads\/2023\/06\/JPeguero-en-Guatemala-1-300x167.jpg 300w, https:\/\/primermomento.com\/wp-content\/uploads\/2023\/06\/JPeguero-en-Guatemala-1-768x427.jpg 768w, https:\/\/primermomento.com\/wp-content\/uploads\/2023\/06\/JPeguero-en-Guatemala-1-696x387.jpg 696w\" sizes=\"auto, (max-width: 848px) 100vw, 848px\" \/><\/figure>\n\n\n\n<p class=\"wp-block-paragraph\">En dicho proceso, la funcionaria agradeci\u00f3 la importante oportunidad que le permiti\u00f3 adquirir conocimientos que podr\u00edan implementarlos en el desarrollo de sus funciones pol\u00edticas y municipales.<\/p>\n\n\n\n<p class=\"wp-block-paragraph\">Peguero se\u00f1al\u00f3 que pudo visitar personalidades y funcionarios del mencionado pa\u00eds para socializar e intercambiar iniciativas y proyectos para ponerlos a disposici\u00f3n de su municipio.<\/p>\n\n\n\n<p class=\"wp-block-paragraph\">Dentro de su agenda, la concejal fue recibida por la embajadora dominicana en Ciudad de Guatemala, Sara Paulino, el paname\u00f1o Amado Cerrub Acevedo, presidente del PARLACEN e hizo una visita al Palacio Nacional de la Cultura, un espacio dedicado a diversas actividades art\u00edsticas y exposiciones temporales, adem\u00e1s de alojar colecciones de pintura y escultura; encuentros que le permitieron conocer la cultura y la costumbre del pa\u00eds centroamericano.<\/p>\n\n\n\n<p class=\"wp-block-paragraph\">La regidora agradeci\u00f3 al Partido Revolucionario Dominicano por abrirle las puertas para adquirir habilidades y ser reconocida como una pol\u00edtica preocupada por el futuro de la municipalidad.<\/p>\n\n\n\n<p class=\"wp-block-paragraph\">La candidata por la Unidad Nacional de la Esperanza, Sandra Torres, y el sorprendente Bernardo Ar\u00e9valo, del partido Semilla, estar\u00edan en una segunda vuelta comicial en Guatemala, seg\u00fan ha informado el Tribunal Supremo Electoral (TSE)&nbsp;de Guatemala.<\/p>\n\n\n\n<p class=\"wp-block-paragraph\">El balotaje, algo que sucede siempre desde 1985 con la historia democr\u00e1tica de Guatemala y la multiplicidad de fuerzas en la disputa (esta vez 22), est\u00e1 previsto para el 20 de agosto.<\/p>\n","protected":false},"excerpt":{"rendered":"<p>CIUDAD DE GUATEMALA, Guatemala.- La regidora del PRD por el municipio de Ban\u00ed, Judith Peguero, particip\u00f3 como observadora internacional en las recientes elecciones presidenciales de Guatemala. En un comunicado, se inform\u00f3 que la designaci\u00f3n de Peguero como observadora internacional respondi\u00f3 al inter\u00e9s de valorar sus acciones y logros, as\u00ed como tambi\u00e9n promover su participaci\u00f3n en [&hellip;]<\/p>\n","protected":false},"author":1,"featured_media":390776,"comment_status":"open","ping_status":"open","sticky":false,"template":"","format":"video","meta":{"_bbp_topic_count":0,"_bbp_reply_count":0,"_bbp_total_topic_count":0,"_bbp_total_reply_count":0,"_bbp_voice_count":0,"_bbp_anonymous_reply_count":0,"_bbp_topic_count_hidden":0,"_bbp_reply_count_hidden":0,"_bbp_forum_subforum_count":0,"footnotes":""},"categories":[61,106],"tags":[],"class_list":["post-390775","post","type-post","status-publish","format-video","has-post-thumbnail","category-mundo","category-video-news","post_format-post-format-video"],"_links":{"self":[{"href":"https:\/\/primermomento.com\/index.php?rest_route=\/wp\/v2\/posts\/390775","targetHints":{"allow":["GET"]}}],"collection":[{"href":"https:\/\/primermomento.com\/index.php?rest_route=\/wp\/v2\/posts"}],"about":[{"href":"https:\/\/primermomento.com\/index.php?rest_route=\/wp\/v2\/types\/post"}],"author":[{"embeddable":true,"href":"https:\/\/primermomento.com\/index.php?rest_route=\/wp\/v2\/users\/1"}],"replies":[{"embeddable":true,"href":"https:\/\/primermomento.com\/index.php?rest_route=%2Fwp%2Fv2%2Fcomments&post=390775"}],"version-history":[{"count":16,"href":"https:\/\/primermomento.com\/index.php?rest_route=\/wp\/v2\/posts\/390775\/revisions"}],"predecessor-version":[{"id":390803,"href":"https:\/\/primermomento.com\/index.php?rest_route=\/wp\/v2\/posts\/390775\/revisions\/390803"}],"wp:featuredmedia":[{"embeddable":true,"href":"https:\/\/primermomento.com\/index.php?rest_route=\/wp\/v2\/media\/390776"}],"wp:attachment":[{"href":"https:\/\/primermomento.com\/index.php?rest_route=%2Fwp%2Fv2%2Fmedia&parent=390775"}],"wp:term":[{"taxonomy":"category","embeddable":true,"href":"https:\/\/primermomento.com\/index.php?rest_route=%2Fwp%2Fv2%2Fcategories&post=390775"},{"taxonomy":"post_tag","embeddable":true,"href":"https:\/\/primermomento.com\/index.php?rest_route=%2Fwp%2Fv2%2Ftags&post=390775"}],"curies":[{"name":"wp","href":"https:\/\/api.w.org\/{rel}","templated":true}]}}