{"id":390860,"date":"2023-06-30T07:01:41","date_gmt":"2023-06-30T11:01:41","guid":{"rendered":"https:\/\/primermomento.com\/?p=390860"},"modified":"2023-06-30T17:19:33","modified_gmt":"2023-06-30T21:19:33","slug":"corte-suprema-de-eeuu-acaba-con-la-accion-afirmativa-basada-en-la-raza-en-las-admisiones-universitarias","status":"publish","type":"post","link":"https:\/\/primermomento.com\/?p=390860","title":{"rendered":"Corte Suprema de EEUU anula acci\u00f3n afirmativa basada en raza en admisiones universitarias"},"content":{"rendered":"\n<p class=\"wp-block-paragraph\"><em><strong>Fuente CNN <\/strong><\/em><\/p>\n\n\n\n<p class=\"wp-block-paragraph\">WASHINGTON, EEUU.- La Corte Suprema de Estados Unidos dice que los colegios y universidades ya no pueden tener en cuenta la raza como base espec\u00edfica para conceder una admisi\u00f3n, lo que constituye una decisi\u00f3n hist\u00f3rica que anula un precedente de hace mucho tiempo que ha beneficiado a los estudiantes negros y latinos en la educaci\u00f3n superior.<\/p>\n\n\n\n<p class=\"wp-block-paragraph\">El presidente de la Corte Suprema, John Roberts, escribi\u00f3 la opini\u00f3n para la mayor\u00eda conservadora, diciendo que los programas de admisi\u00f3n de Harvard y la Universidad de Carolina del Norte (UNC, por sus siglas en ingl\u00e9s) violaban la Cl\u00e1usula de Igual Protecci\u00f3n porque no ofrec\u00edan objetivos \u00abmedibles\u00bb para justificar el uso de la raza. Dijo que los programas implican estereotipos raciales, y no ten\u00edan un punto final espec\u00edfico.<\/p>\n\n\n\n<figure class=\"wp-block-image size-full\"><img loading=\"lazy\" decoding=\"async\" width=\"792\" height=\"446\" src=\"https:\/\/primermomento.com\/wp-content\/uploads\/2023\/06\/corte-suprema-raza-accion-afirmativa-1.jpg\" alt=\"\" class=\"wp-image-390863\" srcset=\"https:\/\/primermomento.com\/wp-content\/uploads\/2023\/06\/corte-suprema-raza-accion-afirmativa-1.jpg 792w, https:\/\/primermomento.com\/wp-content\/uploads\/2023\/06\/corte-suprema-raza-accion-afirmativa-1-300x169.jpg 300w, https:\/\/primermomento.com\/wp-content\/uploads\/2023\/06\/corte-suprema-raza-accion-afirmativa-1-768x432.jpg 768w, https:\/\/primermomento.com\/wp-content\/uploads\/2023\/06\/corte-suprema-raza-accion-afirmativa-1-696x392.jpg 696w\" sizes=\"auto, (max-width: 792px) 100vw, 792px\" \/><\/figure>\n\n\n\n<p class=\"wp-block-paragraph\">\u00abLos programas de admisi\u00f3n de Harvard y UNC no pueden conciliarse con las garant\u00edas de la Cl\u00e1usula de Igual Protecci\u00f3n. Ambos programas carecen de objetivos suficientemente espec\u00edficos y medibles que justifiquen el uso de la raza, emplean inevitablemente la raza de forma negativa, implican estereotipos raciales y carecen de puntos finales significativos. Nunca hemos permitido que los programas de admisi\u00f3n funcionen de esa manera, y no lo haremos hoy\u00bb, escribi\u00f3 Roberts.<\/p>\n\n\n\n<p class=\"wp-block-paragraph\">La opini\u00f3n mayoritaria afirma que la Corte no estaba revocando expresamente casos anteriores que autorizaban la acci\u00f3n afirmativa basada en la raza y sugiri\u00f3 que la forma en que la raza ha afectado la vida de un solicitante todav\u00eda puede ser parte de c\u00f3mo se considera su solicitud. Pero aunque la Corte no haya puesto fin formalmente a la acci\u00f3n afirmativa basada en la raza en la educaci\u00f3n superior, su an\u00e1lisis har\u00e1 pr\u00e1cticamente imposible que los colegios y universidades tengan en cuenta ese factor, como subrayaron los tres dem\u00f3cratas en su disenso.<\/p>\n\n\n\n<p class=\"wp-block-paragraph\">La Corte Suprema rechaza la pol\u00e9mica teor\u00eda de la ley electoral respaldada por Trump<br>En un extenso voto concurrente, el juez Clarence Thomas, la segunda persona de raza negra en incorporarse a la Corte Suprema, habl\u00f3 en t\u00e9rminos inusualmente personales al criticar el uso de las pol\u00edticas de acci\u00f3n afirmativa por parte de los colegios y universidades, que describi\u00f3 como \u00abpreferencias sin tim\u00f3n, basadas en la raza, dise\u00f1adas para asegurar una mezcla racial particular en sus clases de ingreso\u00bb.<\/p>\n\n\n\n<p class=\"wp-block-paragraph\">\u00abAunque soy dolorosamente consciente de los estragos sociales y econ\u00f3micos que han sufrido mi raza y todos los que sufren discriminaci\u00f3n, mantengo la esperanza duradera de que este pa\u00eds est\u00e9 a la altura de sus principios tan claramente enunciados en la Declaraci\u00f3n de Independencia y en la Constituci\u00f3n de Estados Unidos: que todos los hombres son creados iguales, son ciudadanos iguales y deben ser tratados por igual ante la ley\u00bb, escribi\u00f3 Thomas.<\/p>\n\n\n\n<p class=\"wp-block-paragraph\">La jueza Sonia Sotomayor, acompa\u00f1ada por la jueza Elena Kagan y Ketanji Brown Jackson, emiti\u00f3 un encendido disenso, diciendo que la opini\u00f3n \u00abhace retroceder d\u00e9cadas de precedente y progreso trascendental\u00bb.<\/p>\n\n\n\n<p class=\"wp-block-paragraph\">\u00abEl resultado de la decisi\u00f3n de hoy es que el color de la piel de una persona puede desempe\u00f1ar un papel en la evaluaci\u00f3n de la sospecha individualizada, pero no puede desempe\u00f1ar un papel en la evaluaci\u00f3n de las contribuciones individualizadas de esa persona a un entorno de aprendizaje diverso\u00bb, escribi\u00f3 Sotomayor. \u00abEsa lectura indefendible de la Constituci\u00f3n no se basa en la ley y subvierte la garant\u00eda de igual protecci\u00f3n de la Decimocuarta Enmienda\u00bb.<\/p>\n","protected":false},"excerpt":{"rendered":"<p>Fuente CNN WASHINGTON, EEUU.- La Corte Suprema de Estados Unidos dice que los colegios y universidades ya no pueden tener en cuenta la raza como base espec\u00edfica para conceder una admisi\u00f3n, lo que constituye una decisi\u00f3n hist\u00f3rica que anula un precedente de hace mucho tiempo que ha beneficiado a los estudiantes negros y latinos en [&hellip;]<\/p>\n","protected":false},"author":1,"featured_media":390861,"comment_status":"open","ping_status":"open","sticky":false,"template":"","format":"video","meta":{"_bbp_topic_count":0,"_bbp_reply_count":0,"_bbp_total_topic_count":0,"_bbp_total_reply_count":0,"_bbp_voice_count":0,"_bbp_anonymous_reply_count":0,"_bbp_topic_count_hidden":0,"_bbp_reply_count_hidden":0,"_bbp_forum_subforum_count":0,"footnotes":""},"categories":[61,106],"tags":[],"class_list":["post-390860","post","type-post","status-publish","format-video","has-post-thumbnail","category-mundo","category-video-news","post_format-post-format-video"],"_links":{"self":[{"href":"https:\/\/primermomento.com\/index.php?rest_route=\/wp\/v2\/posts\/390860","targetHints":{"allow":["GET"]}}],"collection":[{"href":"https:\/\/primermomento.com\/index.php?rest_route=\/wp\/v2\/posts"}],"about":[{"href":"https:\/\/primermomento.com\/index.php?rest_route=\/wp\/v2\/types\/post"}],"author":[{"embeddable":true,"href":"https:\/\/primermomento.com\/index.php?rest_route=\/wp\/v2\/users\/1"}],"replies":[{"embeddable":true,"href":"https:\/\/primermomento.com\/index.php?rest_route=%2Fwp%2Fv2%2Fcomments&post=390860"}],"version-history":[{"count":4,"href":"https:\/\/primermomento.com\/index.php?rest_route=\/wp\/v2\/posts\/390860\/revisions"}],"predecessor-version":[{"id":390867,"href":"https:\/\/primermomento.com\/index.php?rest_route=\/wp\/v2\/posts\/390860\/revisions\/390867"}],"wp:featuredmedia":[{"embeddable":true,"href":"https:\/\/primermomento.com\/index.php?rest_route=\/wp\/v2\/media\/390861"}],"wp:attachment":[{"href":"https:\/\/primermomento.com\/index.php?rest_route=%2Fwp%2Fv2%2Fmedia&parent=390860"}],"wp:term":[{"taxonomy":"category","embeddable":true,"href":"https:\/\/primermomento.com\/index.php?rest_route=%2Fwp%2Fv2%2Fcategories&post=390860"},{"taxonomy":"post_tag","embeddable":true,"href":"https:\/\/primermomento.com\/index.php?rest_route=%2Fwp%2Fv2%2Ftags&post=390860"}],"curies":[{"name":"wp","href":"https:\/\/api.w.org\/{rel}","templated":true}]}}