{"id":390884,"date":"2023-06-30T07:36:00","date_gmt":"2023-06-30T11:36:00","guid":{"rendered":"https:\/\/primermomento.com\/?p=390884"},"modified":"2023-06-30T11:38:57","modified_gmt":"2023-06-30T15:38:57","slug":"cientos-de-artistas-podran-registrar-desde-este-lunes-todas-sus-obras-gratis-en-la-onda","status":"publish","type":"post","link":"https:\/\/primermomento.com\/?p=390884","title":{"rendered":"Cientos de artistas podr\u00e1n registrar desde este lunes todas sus obras gratis en la ONDA"},"content":{"rendered":"\n<p class=\"wp-block-paragraph\">SANTO DOMINGO, Rep\u00fablica Dominicana.- Cientos de artistas int\u00e9rpretes y ejecutantes, as\u00ed como arreglistas podr\u00e1n registrar a partir del lunes, y durante todo el mes de julio de 2023, todas sus obras libres de costo en la Oficina Nacional de Derechos de Autor (ONDA). El anuncio fue hecho este jueves durante una rueda de prensa encabezada por el director general de este organismo, Jos\u00e9 Ruben Gonel Cosme y el m\u00fasico Ram\u00f3n Orlando, Sociedad Dominicana de Artistas Int\u00e9rpretes y M\u00fasicos (SODAIE).<\/p>\n\n\n\n<p class=\"wp-block-paragraph\">A partir del pr\u00f3ximo lunes 3 de julio, las personas interesadas pueden acudir a las oficinas de la ONDA en horario habitual, de lunes a viernes de 8:00 am 4:00 pm, para registrar sus obras o su participaci\u00f3n en las mismas. Deber\u00e1n traer sus documentos de identificaci\u00f3n y acreditar las piezas musicales u otras manifestaciones art\u00edsticas en las que hayan participado.<\/p>\n\n\n\n<p class=\"wp-block-paragraph\">El director de ONDA, Gonell Cosme, y el presidente de SODAIE, maestro Ram\u00f3n Orlando Valoy, encabezaron el evento donde se presentaron los detalles del per\u00edodo de gracia. Hicieron hincapi\u00e9 en el inter\u00e9s mutuo de ambas partes en alentar a los creadores a registrar sus obras para garantizar sus derechos morales y econ\u00f3micos.<\/p>\n\n\n\n<p class=\"wp-block-paragraph\">El director general de ONDA, expres\u00f3 que ha sido inter\u00e9s de su gesti\u00f3n animar a los artistas, escritores y autores en general, y en esta ocasi\u00f3n a los int\u00e9rpretes, m\u00fasicos y arreglistas, a que registren sus obras para que puedan beneficiarse de la explotaci\u00f3n de sus creaciones en el mercado nacional y mundial.<\/p>\n\n\n\n<p class=\"wp-block-paragraph\">Agreg\u00f3 que ONDA ha observado que un n\u00famero importante de nuestros autores y creativos no reciben los beneficios de sus obras porque no han sido formalizadas, comenzando por el proceso de registro que se debe hacer en ese organismo estatal, responsable de administrar y tutelar el derecho de autor en el pa\u00eds.<\/p>\n\n\n\n<p class=\"wp-block-paragraph\">Gonell Cosme afirm\u00f3 que \u201cesta gracia que estamos otorgando va en l\u00ednea con los deseos del presidente de la Rep\u00fablica, Luis Abinader, quien se ha comprometido a que autores de todos los campos creativos registren sus obras para proteger sus derechos morales y econ\u00f3micos\u201d.<\/p>\n\n\n\n<p class=\"wp-block-paragraph\"><strong>Exhortaci\u00f3n de Valoy a los artistas<\/strong><\/p>\n\n\n\n<p class=\"wp-block-paragraph\">Por su parte, el presidente de SODAIE, Ram\u00f3n Orlando Valoy, agradeci\u00f3 la pronta aceptaci\u00f3n por parte de Gonell Cosme de la solicitud realizada por la organizaci\u00f3n y destac\u00f3 la importancia de permitir que cientos de artistas, m\u00fasicos y arreglistas registren su participaci\u00f3n en obras que son explotadas en el mercado.<\/p>\n\n\n\n<p class=\"wp-block-paragraph\">\u201cExhorto a todos los artistas int\u00e9rpretes y ejecutantes, y a los arreglistas, a no desaprovechar esta oportunidad y venir a estas oficinas de la ONDA a registrar sus obras\u201d expres\u00f3.<\/p>\n\n\n\n<p class=\"wp-block-paragraph\">El maestro Armando Olivero, de su lado, especific\u00f3 el marco legal en que se basa la resoluci\u00f3n que otorga la gracia y los requisitos que deben presentar los artistas interesados en registrar sus obras durante el periodo de gracia. El periodista Jos\u00e9 Antonio Aybar pronunci\u00f3 las palabras de bienvenida.<\/p>\n\n\n\n<p class=\"wp-block-paragraph\">Adem\u00e1s del director general de la ONDA, Gonell Cosme, Ram\u00f3n Orlando, presidente de SODAIE y Armando Olivero, en el acto habl\u00f3 el Jos\u00e9 Antonio Aybar, asesor de la ONDA.<\/p>\n\n\n\n<p class=\"wp-block-paragraph\">Los cuatro estuvieron acompa\u00f1ados en la mesa directiva de Gina Marranzini, encargada del Departamento de Atenci\u00f3n al Usuario; Luc\u00eda Castillo; encargada de Sociedades de Gesti\u00f3n Colectiva; Adelfa Rodr\u00edguez, encargada de Registro y Eduard Ramos, de Planificaci\u00f3n y Desarrollo<\/p>\n\n\n\n<p class=\"wp-block-paragraph\"><strong>Sobre la gracia en julio<\/strong><\/p>\n\n\n\n<p class=\"wp-block-paragraph\">La ONDA bajo la direcci\u00f3n del licenciado Gonell Cosme se ha propuesto trabajar de la mano con los creadores de obras art\u00edsticas, cient\u00edficas y literarias con el objetivo que registren y protejan sus creaciones y de esa manera puedan obtener beneficios econ\u00f3micos.<\/p>\n\n\n\n<p class=\"wp-block-paragraph\">La resoluci\u00f3n n\u00famero 009-2023 emitida por la ONDA, dice en su art\u00edculo uno que \u201cdispone otorgar una gracia o exoneraci\u00f3n total durante todo el mes de julio de 2023, del pago para el registro de sus obras a los arreglistas, as\u00ed tambi\u00e9n para las interpretaciones o ejecuciones fijadas o grabadas de los artistas, int\u00e9rpretes o ejecutantes previo cumplimiento de los requisitos establecidos con respecto a los registros y de forma presencial\u201d.<\/p>\n\n\n\n<p class=\"wp-block-paragraph\">Mientras el art\u00edculo dos establece que la presente resoluci\u00f3n entra en vigencia el d\u00eda 3 y se extender\u00e1 hasta el pr\u00f3ximo 31 de julio. \u201cSe dispone habilitar los mecanismos internos para el cumplimiento efectivo de la presente resoluci\u00f3n\u201d.<\/p>\n","protected":false},"excerpt":{"rendered":"<p>SANTO DOMINGO, Rep\u00fablica Dominicana.- Cientos de artistas int\u00e9rpretes y ejecutantes, as\u00ed como arreglistas podr\u00e1n registrar a partir del lunes, y durante todo el mes de julio de 2023, todas sus obras libres de costo en la Oficina Nacional de Derechos de Autor (ONDA). El anuncio fue hecho este jueves durante una rueda de prensa encabezada [&hellip;]<\/p>\n","protected":false},"author":1,"featured_media":390885,"comment_status":"open","ping_status":"open","sticky":false,"template":"","format":"standard","meta":{"_bbp_topic_count":0,"_bbp_reply_count":0,"_bbp_total_topic_count":0,"_bbp_total_reply_count":0,"_bbp_voice_count":0,"_bbp_anonymous_reply_count":0,"_bbp_topic_count_hidden":0,"_bbp_reply_count_hidden":0,"_bbp_forum_subforum_count":0,"footnotes":""},"categories":[39],"tags":[],"class_list":["post-390884","post","type-post","status-publish","format-standard","has-post-thumbnail","category-entretenimiento"],"_links":{"self":[{"href":"https:\/\/primermomento.com\/index.php?rest_route=\/wp\/v2\/posts\/390884","targetHints":{"allow":["GET"]}}],"collection":[{"href":"https:\/\/primermomento.com\/index.php?rest_route=\/wp\/v2\/posts"}],"about":[{"href":"https:\/\/primermomento.com\/index.php?rest_route=\/wp\/v2\/types\/post"}],"author":[{"embeddable":true,"href":"https:\/\/primermomento.com\/index.php?rest_route=\/wp\/v2\/users\/1"}],"replies":[{"embeddable":true,"href":"https:\/\/primermomento.com\/index.php?rest_route=%2Fwp%2Fv2%2Fcomments&post=390884"}],"version-history":[{"count":1,"href":"https:\/\/primermomento.com\/index.php?rest_route=\/wp\/v2\/posts\/390884\/revisions"}],"predecessor-version":[{"id":390886,"href":"https:\/\/primermomento.com\/index.php?rest_route=\/wp\/v2\/posts\/390884\/revisions\/390886"}],"wp:featuredmedia":[{"embeddable":true,"href":"https:\/\/primermomento.com\/index.php?rest_route=\/wp\/v2\/media\/390885"}],"wp:attachment":[{"href":"https:\/\/primermomento.com\/index.php?rest_route=%2Fwp%2Fv2%2Fmedia&parent=390884"}],"wp:term":[{"taxonomy":"category","embeddable":true,"href":"https:\/\/primermomento.com\/index.php?rest_route=%2Fwp%2Fv2%2Fcategories&post=390884"},{"taxonomy":"post_tag","embeddable":true,"href":"https:\/\/primermomento.com\/index.php?rest_route=%2Fwp%2Fv2%2Ftags&post=390884"}],"curies":[{"name":"wp","href":"https:\/\/api.w.org\/{rel}","templated":true}]}}