{"id":390905,"date":"2023-06-30T08:20:00","date_gmt":"2023-06-30T12:20:00","guid":{"rendered":"https:\/\/primermomento.com\/?p=390905"},"modified":"2023-06-30T17:23:54","modified_gmt":"2023-06-30T21:23:54","slug":"dominico-americano-inaugura-exposicion-momentous-de-artista-visual","status":"publish","type":"post","link":"https:\/\/primermomento.com\/?p=390905","title":{"rendered":"Dom\u00ednico Americano inaugura exposici\u00f3n \u201cMomentous\u201d del artista visual Alejandro Asencio"},"content":{"rendered":"\n<p class=\"wp-block-paragraph\">SANTO DOMINGO, Rep\u00fablica Dominicana.- Con la finalidad de exaltar las manifestaciones art\u00edsticas y culturales, la Direcci\u00f3n Cultural del Instituto Cultural Dom\u00ednico Americano (ICDA) presenta la exposici\u00f3n \u201cMomentous\u201d del artista visual Alejandro Asencio.<\/p>\n\n\n\n<p class=\"wp-block-paragraph\">La exhibici\u00f3n fue inaugurada en el sal\u00f3n de exposiciones de la sede principal del Dom\u00ednico Americano en la Av. Abraham Lincoln, y estar\u00e1 disponible para todo el p\u00fablico hasta el 21 de julio en horario de 8:00 de la ma\u00f1ana a 8:00 de la noche.<\/p>\n\n\n\n<p class=\"wp-block-paragraph\">Comprende 18 obras realizadas en acr\u00edlica sobre tela, de gran concepto y nivel est\u00e9tico. Alejandro Asencio es un artista visual y pl\u00e1stico, cuyas obras se caracterizan por demostrar un total estudio del espacio y paisaje dominicano.<\/p>\n\n\n\n<p class=\"wp-block-paragraph\">\u201cEl Instituto Cultural Dom\u00ednico Americano tiene la promesa de estimular, afirmar y sostener la cultura, y como demostraci\u00f3n de esta misi\u00f3n aperturamos la muestra \u2018Momentous\u2019 que contiene piezas con lenguaje cr\u00edtico y efusivo\u201d expres\u00f3 Sof\u00eda Otero, Directora Cultural del ICDA, durante el acto de apertura.<\/p>\n\n\n\n<p class=\"wp-block-paragraph\">La muestra cuenta con la curadur\u00eda de la gestora cultural Mar\u00eda del Carmen Ossaye.<\/p>\n\n\n\n<p class=\"wp-block-paragraph\">Alejandro Asencio es licenciado en Artes Pl\u00e1sticas, egresado de la Universidad Aut\u00f3noma de Santo Domingo (UASD), 2012. Posee un postgrado en Pintura. De formaci\u00f3n especializada en la Escuela Nacional de Bellas Artes, hoy de Arte Visuales (ENAV).<\/p>\n\n\n\n<p class=\"wp-block-paragraph\">El Instituto Cultural Dom\u00ednico Americano se define como un espacio educativo y cultural para el disfrute de demostraciones art\u00edsticas nacionales e internacionales. Tambi\u00e9n, ofrece oportunidades a los art\u00edfices de revelar sus m\u00e1s exquisitas creaciones.<\/p>\n\n\n\n<p class=\"wp-block-paragraph\"><strong>M\u00e1s sobre el ICDA<\/strong><strong><\/strong><\/p>\n\n\n\n<p class=\"wp-block-paragraph\">El Instituto Cultural Dom\u00ednico Americano fue fundado en 1947 por un grupo de dominicanos y norteamericanos residentes en el pa\u00eds, con la finalidad de estrechar los lazos de amistad y culturales entre los Estados Unidos de Am\u00e9rica y la Rep\u00fablica Dominicana.<\/p>\n\n\n\n<p class=\"wp-block-paragraph\">Desde su fundaci\u00f3n, ha sido una instituci\u00f3n que se ha mantenido siempre a la vanguardia en servicios educacionales a la sociedad dominicana, dominando el mercado de la ense\u00f1anza del idioma ingl\u00e9s.<\/p>\n\n\n\n<p class=\"wp-block-paragraph\">En la actualidad la instituci\u00f3n posee una amplia oferta acad\u00e9mico-cultural, que cuenta con educaci\u00f3n superior: programas de grado, postgrado, educaci\u00f3n continuada y el Teacher Development Center a trav\u00e9s de la Universidad Dom\u00ednico Americano (UNICDA); el Dom\u00ednico Americano School &amp; Preschool para ni\u00f1os desde los 2 a\u00f1os hasta la secundaria; escuela de idiomas, con un programa de ingl\u00e9s como segunda lengua y un programa de espa\u00f1ol para extranjeros; la Direcci\u00f3n Cultural que dirige los programas culturales, la Escuela de Arte &amp; Cultura y el Espacio Culinario; la Biblioteca Lincoln y la Oficina de Asesor\u00eda Estudiantil.<\/p>\n","protected":false},"excerpt":{"rendered":"<p>SANTO DOMINGO, Rep\u00fablica Dominicana.- Con la finalidad de exaltar las manifestaciones art\u00edsticas y culturales, la Direcci\u00f3n Cultural del Instituto Cultural Dom\u00ednico Americano (ICDA) presenta la exposici\u00f3n \u201cMomentous\u201d del artista visual Alejandro Asencio. La exhibici\u00f3n fue inaugurada en el sal\u00f3n de exposiciones de la sede principal del Dom\u00ednico Americano en la Av. Abraham Lincoln, y estar\u00e1 [&hellip;]<\/p>\n","protected":false},"author":1,"featured_media":390906,"comment_status":"open","ping_status":"open","sticky":false,"template":"","format":"standard","meta":{"_bbp_topic_count":0,"_bbp_reply_count":0,"_bbp_total_topic_count":0,"_bbp_total_reply_count":0,"_bbp_voice_count":0,"_bbp_anonymous_reply_count":0,"_bbp_topic_count_hidden":0,"_bbp_reply_count_hidden":0,"_bbp_forum_subforum_count":0,"footnotes":""},"categories":[39],"tags":[],"class_list":["post-390905","post","type-post","status-publish","format-standard","has-post-thumbnail","category-entretenimiento"],"_links":{"self":[{"href":"https:\/\/primermomento.com\/index.php?rest_route=\/wp\/v2\/posts\/390905","targetHints":{"allow":["GET"]}}],"collection":[{"href":"https:\/\/primermomento.com\/index.php?rest_route=\/wp\/v2\/posts"}],"about":[{"href":"https:\/\/primermomento.com\/index.php?rest_route=\/wp\/v2\/types\/post"}],"author":[{"embeddable":true,"href":"https:\/\/primermomento.com\/index.php?rest_route=\/wp\/v2\/users\/1"}],"replies":[{"embeddable":true,"href":"https:\/\/primermomento.com\/index.php?rest_route=%2Fwp%2Fv2%2Fcomments&post=390905"}],"version-history":[{"count":2,"href":"https:\/\/primermomento.com\/index.php?rest_route=\/wp\/v2\/posts\/390905\/revisions"}],"predecessor-version":[{"id":390908,"href":"https:\/\/primermomento.com\/index.php?rest_route=\/wp\/v2\/posts\/390905\/revisions\/390908"}],"wp:featuredmedia":[{"embeddable":true,"href":"https:\/\/primermomento.com\/index.php?rest_route=\/wp\/v2\/media\/390906"}],"wp:attachment":[{"href":"https:\/\/primermomento.com\/index.php?rest_route=%2Fwp%2Fv2%2Fmedia&parent=390905"}],"wp:term":[{"taxonomy":"category","embeddable":true,"href":"https:\/\/primermomento.com\/index.php?rest_route=%2Fwp%2Fv2%2Fcategories&post=390905"},{"taxonomy":"post_tag","embeddable":true,"href":"https:\/\/primermomento.com\/index.php?rest_route=%2Fwp%2Fv2%2Ftags&post=390905"}],"curies":[{"name":"wp","href":"https:\/\/api.w.org\/{rel}","templated":true}]}}