{"id":390909,"date":"2023-06-30T10:24:00","date_gmt":"2023-06-30T14:24:00","guid":{"rendered":"https:\/\/primermomento.com\/?p=390909"},"modified":"2023-06-30T17:51:12","modified_gmt":"2023-06-30T21:51:12","slug":"estados-unidos-regresa-a-la-unesco-tras-abandonarla-con-trump","status":"publish","type":"post","link":"https:\/\/primermomento.com\/?p=390909","title":{"rendered":"Estados Unidos regresa a la Unesco tras abandonarla con Trump"},"content":{"rendered":"\n<p class=\"wp-block-paragraph\"><em>Prensa Latina<\/em><\/p>\n\n\n\n<p class=\"wp-block-paragraph\">PAR\u00cdS, Francia.- La Conferencia General de la Unesco aprob\u00f3 hoy en sesi\u00f3n extraordinaria el regreso de Estados Unidos a la organizaci\u00f3n, la cual abandon\u00f3 durante la administraci\u00f3n de Donald Trump.<\/p>\n\n\n\n<p class=\"wp-block-paragraph\">La mayor\u00eda de los 193 Estados miembros dieron su apoyo al retorno estadounidense, en medio de un contexto geopol\u00edtico tenso, marcado por el conflicto en Ucrania y el enfrentamiento Rusia-occidente, del que no estuvieron ajenas las dos jornadas de debates y las reuniones previas.<\/p>\n\n\n\n<p class=\"wp-block-paragraph\">Con este regreso, la Unesco ser\u00e1 a\u00fan m\u00e1s fuerte para llevar a cabo su mandato, es un gran d\u00eda para el multilateralismo, consider\u00f3 la directora general Audrey Azoulay.<\/p>\n\n\n\n<p class=\"wp-block-paragraph\">De acuerdo con la alta funcionaria, la Organizaci\u00f3n de las Naciones Unidas para la Educaci\u00f3n, la Ciencia y la Cultura \u201cavanza una vez m\u00e1s hacia la universalidad con el regreso de Estados Unidos\u201d.<\/p>\n\n\n\n<p class=\"wp-block-paragraph\">El 8 de junio de 2023 Washington solicit\u00f3 la reincorporaci\u00f3n a partir de julio, prometiendo el reembolso de sus atrasos de pago al ente multilateral, estimados en m\u00e1s de 600 millones de d\u00f3lares.<\/p>\n\n\n\n<p class=\"wp-block-paragraph\">El Congreso del pa\u00eds norte\u00f1o aprob\u00f3 en diciembre un proyecto de ley con la asignaci\u00f3n de m\u00e1s de 500 millones de d\u00f3lares para pagar la deuda y allanar el camino del regreso a la organizaci\u00f3n.<\/p>\n\n\n\n<p class=\"wp-block-paragraph\">Bajo la administraci\u00f3n de Trump y esgrimiendo una alegada postura antiisrael\u00ed, Estados Unidos se retir\u00f3 de la Unesco el 12 de octubre de 2017, aunque ya hab\u00eda suspendido su contribuci\u00f3n en 2011.<\/p>\n","protected":false},"excerpt":{"rendered":"<p>Prensa Latina PAR\u00cdS, Francia.- La Conferencia General de la Unesco aprob\u00f3 hoy en sesi\u00f3n extraordinaria el regreso de Estados Unidos a la organizaci\u00f3n, la cual abandon\u00f3 durante la administraci\u00f3n de Donald Trump. La mayor\u00eda de los 193 Estados miembros dieron su apoyo al retorno estadounidense, en medio de un contexto geopol\u00edtico tenso, marcado por el [&hellip;]<\/p>\n","protected":false},"author":1,"featured_media":390910,"comment_status":"open","ping_status":"open","sticky":false,"template":"","format":"video","meta":{"_bbp_topic_count":0,"_bbp_reply_count":0,"_bbp_total_topic_count":0,"_bbp_total_reply_count":0,"_bbp_voice_count":0,"_bbp_anonymous_reply_count":0,"_bbp_topic_count_hidden":0,"_bbp_reply_count_hidden":0,"_bbp_forum_subforum_count":0,"footnotes":""},"categories":[61,106],"tags":[],"class_list":["post-390909","post","type-post","status-publish","format-video","has-post-thumbnail","category-mundo","category-video-news","post_format-post-format-video"],"_links":{"self":[{"href":"https:\/\/primermomento.com\/index.php?rest_route=\/wp\/v2\/posts\/390909","targetHints":{"allow":["GET"]}}],"collection":[{"href":"https:\/\/primermomento.com\/index.php?rest_route=\/wp\/v2\/posts"}],"about":[{"href":"https:\/\/primermomento.com\/index.php?rest_route=\/wp\/v2\/types\/post"}],"author":[{"embeddable":true,"href":"https:\/\/primermomento.com\/index.php?rest_route=\/wp\/v2\/users\/1"}],"replies":[{"embeddable":true,"href":"https:\/\/primermomento.com\/index.php?rest_route=%2Fwp%2Fv2%2Fcomments&post=390909"}],"version-history":[{"count":1,"href":"https:\/\/primermomento.com\/index.php?rest_route=\/wp\/v2\/posts\/390909\/revisions"}],"predecessor-version":[{"id":390911,"href":"https:\/\/primermomento.com\/index.php?rest_route=\/wp\/v2\/posts\/390909\/revisions\/390911"}],"wp:featuredmedia":[{"embeddable":true,"href":"https:\/\/primermomento.com\/index.php?rest_route=\/wp\/v2\/media\/390910"}],"wp:attachment":[{"href":"https:\/\/primermomento.com\/index.php?rest_route=%2Fwp%2Fv2%2Fmedia&parent=390909"}],"wp:term":[{"taxonomy":"category","embeddable":true,"href":"https:\/\/primermomento.com\/index.php?rest_route=%2Fwp%2Fv2%2Fcategories&post=390909"},{"taxonomy":"post_tag","embeddable":true,"href":"https:\/\/primermomento.com\/index.php?rest_route=%2Fwp%2Fv2%2Ftags&post=390909"}],"curies":[{"name":"wp","href":"https:\/\/api.w.org\/{rel}","templated":true}]}}