{"id":390922,"date":"2023-07-01T08:23:09","date_gmt":"2023-07-01T12:23:09","guid":{"rendered":"https:\/\/primermomento.com\/?p=390922"},"modified":"2023-07-01T08:45:17","modified_gmt":"2023-07-01T12:45:17","slug":"casi-un-millar-de-arrestos-en-otra-noche-violenta-en-francia","status":"publish","type":"post","link":"https:\/\/primermomento.com\/?p=390922","title":{"rendered":"Casi un millar de arrestos en otra noche violenta en Francia"},"content":{"rendered":"\n<p class=\"wp-block-paragraph\"><em><strong>Prensa Latina<\/strong><\/em><\/p>\n\n\n\n<p class=\"wp-block-paragraph\">PAR\u00cdS, Francia.- La noche del viernes y las primeras horas del s\u00e1bado dejaron nuevos episodios de violencia y 994 detenidos en Francia, en la continuaci\u00f3n de las protestas por la muerte del adolescente Nahel, se\u00f1alaron hoy autoridades.<\/p>\n\n\n\n<p class=\"wp-block-paragraph\">Por cuarta jornada consecutiva imper\u00f3 el caos en diversas ciudades del pa\u00eds, desde que el martes un polic\u00eda baleara mortalmente al adolescente de 17 a\u00f1os durante un control vehicular en el distrito de Nanterre, en la Regi\u00f3n Parisina.<\/p>\n\n\n\n<figure class=\"wp-block-image size-full\"><img loading=\"lazy\" decoding=\"async\" width=\"880\" height=\"495\" src=\"https:\/\/primermomento.com\/wp-content\/uploads\/2023\/07\/disturbios-y-violencia-en-francia-1.jpg\" alt=\"\" class=\"wp-image-390926\" srcset=\"https:\/\/primermomento.com\/wp-content\/uploads\/2023\/07\/disturbios-y-violencia-en-francia-1.jpg 880w, https:\/\/primermomento.com\/wp-content\/uploads\/2023\/07\/disturbios-y-violencia-en-francia-1-300x169.jpg 300w, https:\/\/primermomento.com\/wp-content\/uploads\/2023\/07\/disturbios-y-violencia-en-francia-1-768x432.jpg 768w, https:\/\/primermomento.com\/wp-content\/uploads\/2023\/07\/disturbios-y-violencia-en-francia-1-696x392.jpg 696w\" sizes=\"auto, (max-width: 880px) 100vw, 880px\" \/><\/figure>\n\n\n\n<p class=\"wp-block-paragraph\">Seg\u00fan el Ministerio del Interior, mil 350 veh\u00edculos fueron incendiados y alrededor de 80 agentes resultaron heridos, sin que se conozca la cifra de lesionados entre los manifestantes.<\/p>\n\n\n\n<p class=\"wp-block-paragraph\">M\u00e1s de 230 edificios sufrieron da\u00f1os por incendios o ataques, incluyendo unos 60 puestos policiales y comisar\u00edas, ampli\u00f3 la fuente.<\/p>\n\n\n\n<p class=\"wp-block-paragraph\">Tambi\u00e9n se registraron saqueos de negocios en la norte\u00f1a localidad de Bondy (Seine-Saint-Denis)&nbsp;y en la sure\u00f1a ciudad de Marsella, una de las principales de Francia.<\/p>\n\n\n\n<p class=\"wp-block-paragraph\">La muerte de Nahel atiz\u00f3 la pol\u00e9mica por la violencia policial y la discriminaci\u00f3n, con llamados de la ONU a atender la situaci\u00f3n.<\/p>\n\n\n\n<p class=\"wp-block-paragraph\">El polic\u00eda responsable est\u00e1 en prisi\u00f3n preventiva y bajo procesamiento judicial, en medio de cr\u00edticas y de polarizaci\u00f3n pol\u00edtica.<\/p>\n\n\n\n<p class=\"wp-block-paragraph\">La violencia continu\u00f3, pese al despliegue de 45 mil integrantes de las fuerzas del orden.<\/p>\n","protected":false},"excerpt":{"rendered":"<p>Prensa Latina PAR\u00cdS, Francia.- La noche del viernes y las primeras horas del s\u00e1bado dejaron nuevos episodios de violencia y 994 detenidos en Francia, en la continuaci\u00f3n de las protestas por la muerte del adolescente Nahel, se\u00f1alaron hoy autoridades. Por cuarta jornada consecutiva imper\u00f3 el caos en diversas ciudades del pa\u00eds, desde que el martes [&hellip;]<\/p>\n","protected":false},"author":1,"featured_media":390925,"comment_status":"open","ping_status":"open","sticky":false,"template":"","format":"video","meta":{"_bbp_topic_count":0,"_bbp_reply_count":0,"_bbp_total_topic_count":0,"_bbp_total_reply_count":0,"_bbp_voice_count":0,"_bbp_anonymous_reply_count":0,"_bbp_topic_count_hidden":0,"_bbp_reply_count_hidden":0,"_bbp_forum_subforum_count":0,"footnotes":""},"categories":[30,106],"tags":[],"class_list":["post-390922","post","type-post","status-publish","format-video","has-post-thumbnail","category-actualidad","category-video-news","post_format-post-format-video"],"_links":{"self":[{"href":"https:\/\/primermomento.com\/index.php?rest_route=\/wp\/v2\/posts\/390922","targetHints":{"allow":["GET"]}}],"collection":[{"href":"https:\/\/primermomento.com\/index.php?rest_route=\/wp\/v2\/posts"}],"about":[{"href":"https:\/\/primermomento.com\/index.php?rest_route=\/wp\/v2\/types\/post"}],"author":[{"embeddable":true,"href":"https:\/\/primermomento.com\/index.php?rest_route=\/wp\/v2\/users\/1"}],"replies":[{"embeddable":true,"href":"https:\/\/primermomento.com\/index.php?rest_route=%2Fwp%2Fv2%2Fcomments&post=390922"}],"version-history":[{"count":2,"href":"https:\/\/primermomento.com\/index.php?rest_route=\/wp\/v2\/posts\/390922\/revisions"}],"predecessor-version":[{"id":390927,"href":"https:\/\/primermomento.com\/index.php?rest_route=\/wp\/v2\/posts\/390922\/revisions\/390927"}],"wp:featuredmedia":[{"embeddable":true,"href":"https:\/\/primermomento.com\/index.php?rest_route=\/wp\/v2\/media\/390925"}],"wp:attachment":[{"href":"https:\/\/primermomento.com\/index.php?rest_route=%2Fwp%2Fv2%2Fmedia&parent=390922"}],"wp:term":[{"taxonomy":"category","embeddable":true,"href":"https:\/\/primermomento.com\/index.php?rest_route=%2Fwp%2Fv2%2Fcategories&post=390922"},{"taxonomy":"post_tag","embeddable":true,"href":"https:\/\/primermomento.com\/index.php?rest_route=%2Fwp%2Fv2%2Ftags&post=390922"}],"curies":[{"name":"wp","href":"https:\/\/api.w.org\/{rel}","templated":true}]}}