{"id":390947,"date":"2023-07-01T08:25:00","date_gmt":"2023-07-01T12:25:00","guid":{"rendered":"https:\/\/primermomento.com\/?p=390947"},"modified":"2023-07-01T12:28:29","modified_gmt":"2023-07-01T16:28:29","slug":"beatles-afirman-que-nunca-fingirian-voz-de-lennon-con-ia","status":"publish","type":"post","link":"https:\/\/primermomento.com\/?p=390947","title":{"rendered":"Beatles afirman que nunca fingir\u00edan voz de Lennon con IA"},"content":{"rendered":"\n<p class=\"wp-block-paragraph\"><em><strong>Prensa Latina<\/strong><\/em><\/p>\n\n\n\n<p class=\"wp-block-paragraph\">LOS \u00c1NGELES, EEUU.- Ringo Starr, baterista del c\u00e9lebre grupo brit\u00e1nico The Beatles, vuelve a ser noticia hoy al aclarar que nunca fingir\u00edan la voz del fallecido cantante John Lennon con Inteligencia Artificial (IA).<\/p>\n\n\n\n<p class=\"wp-block-paragraph\">En entrevista publicada por la revista Rolling Stone, Ringo aclar\u00f3 as\u00ed las especulaciones y dudas suscitadas en torno a la \u00faltima canci\u00f3n de The Beatles que unir\u00e1 por \u00faltima vez al grupo m\u00e1s influyente de la m\u00fasica mundial.<\/p>\n\n\n\n<p class=\"wp-block-paragraph\">Se desat\u00f3 el debate cuando el compositor e int\u00e9rprete Paul McCartney anunci\u00f3 que los famosos cuatro de Liverpool lanzar\u00edan una \u00faltima canci\u00f3n a finales de este a\u00f1o, con la voz extra\u00edda de una maqueta de Lennon.<\/p>\n\n\n\n<p class=\"wp-block-paragraph\">Ahora Ringo confirm\u00f3 que todos los integrantes del grupo estar\u00e1n presentes y aunque no dijo c\u00f3mo se llamar\u00e1 la esperada canci\u00f3n, los fan\u00e1ticos ya analizan algunas pistas.<\/p>\n\n\n\n<p class=\"wp-block-paragraph\">El hecho de que el beatle George Harrison participe casi con certeza significa que el tema es \u00abNow and Then\u00bb, una demostraci\u00f3n de Lennon en la que McCartney, Harrison y Starr trabajaron durante las mismas sesiones que produjeron \u00bb Free As A Bird\u201d y \u201cReal Love\u201d, seg\u00fan medios especializados.<\/p>\n\n\n\n<p class=\"wp-block-paragraph\">En estas tambi\u00e9n se utilizaron voces extra\u00eddas de demos de Lennon.<\/p>\n\n\n\n<p class=\"wp-block-paragraph\">Sobre la anunciada canci\u00f3n \u00abfinal\u00bb de The Beatles asever\u00f3 Ringo en la entrevista para Rolling Stone: \u00abes la \u00faltima pista que escuchar\u00e1n con los cuatro muchachos. Y eso es un hecho\u00bb.<\/p>\n","protected":false},"excerpt":{"rendered":"<p>Prensa Latina LOS \u00c1NGELES, EEUU.- Ringo Starr, baterista del c\u00e9lebre grupo brit\u00e1nico The Beatles, vuelve a ser noticia hoy al aclarar que nunca fingir\u00edan la voz del fallecido cantante John Lennon con Inteligencia Artificial (IA). En entrevista publicada por la revista Rolling Stone, Ringo aclar\u00f3 as\u00ed las especulaciones y dudas suscitadas en torno a la [&hellip;]<\/p>\n","protected":false},"author":1,"featured_media":390948,"comment_status":"open","ping_status":"open","sticky":false,"template":"","format":"standard","meta":{"_bbp_topic_count":0,"_bbp_reply_count":0,"_bbp_total_topic_count":0,"_bbp_total_reply_count":0,"_bbp_voice_count":0,"_bbp_anonymous_reply_count":0,"_bbp_topic_count_hidden":0,"_bbp_reply_count_hidden":0,"_bbp_forum_subforum_count":0,"footnotes":""},"categories":[39],"tags":[],"class_list":["post-390947","post","type-post","status-publish","format-standard","has-post-thumbnail","category-entretenimiento"],"_links":{"self":[{"href":"https:\/\/primermomento.com\/index.php?rest_route=\/wp\/v2\/posts\/390947","targetHints":{"allow":["GET"]}}],"collection":[{"href":"https:\/\/primermomento.com\/index.php?rest_route=\/wp\/v2\/posts"}],"about":[{"href":"https:\/\/primermomento.com\/index.php?rest_route=\/wp\/v2\/types\/post"}],"author":[{"embeddable":true,"href":"https:\/\/primermomento.com\/index.php?rest_route=\/wp\/v2\/users\/1"}],"replies":[{"embeddable":true,"href":"https:\/\/primermomento.com\/index.php?rest_route=%2Fwp%2Fv2%2Fcomments&post=390947"}],"version-history":[{"count":1,"href":"https:\/\/primermomento.com\/index.php?rest_route=\/wp\/v2\/posts\/390947\/revisions"}],"predecessor-version":[{"id":390949,"href":"https:\/\/primermomento.com\/index.php?rest_route=\/wp\/v2\/posts\/390947\/revisions\/390949"}],"wp:featuredmedia":[{"embeddable":true,"href":"https:\/\/primermomento.com\/index.php?rest_route=\/wp\/v2\/media\/390948"}],"wp:attachment":[{"href":"https:\/\/primermomento.com\/index.php?rest_route=%2Fwp%2Fv2%2Fmedia&parent=390947"}],"wp:term":[{"taxonomy":"category","embeddable":true,"href":"https:\/\/primermomento.com\/index.php?rest_route=%2Fwp%2Fv2%2Fcategories&post=390947"},{"taxonomy":"post_tag","embeddable":true,"href":"https:\/\/primermomento.com\/index.php?rest_route=%2Fwp%2Fv2%2Ftags&post=390947"}],"curies":[{"name":"wp","href":"https:\/\/api.w.org\/{rel}","templated":true}]}}