{"id":391036,"date":"2023-07-02T18:44:05","date_gmt":"2023-07-02T22:44:05","guid":{"rendered":"https:\/\/primermomento.com\/?p=391036"},"modified":"2023-07-02T18:44:06","modified_gmt":"2023-07-02T22:44:06","slug":"tragedia-en-baltimore-casi-340-tiroteos-masivos-en-eeuu-en-2023","status":"publish","type":"post","link":"https:\/\/primermomento.com\/?p=391036","title":{"rendered":"Tragedia en Baltimore, casi 340 tiroteos masivos en EEUU en 2023"},"content":{"rendered":"\n<p class=\"wp-block-paragraph\"><em>Prensa Latina<\/em><\/p>\n\n\n\n<p class=\"wp-block-paragraph\">BALTIMORE, EEUU.- A 340 tiroteos masivos se acerca Estados Unidos en lo que va de a\u00f1o con la confirmaci\u00f3n hoy de dos muertos y 28 heridos por una balacera durante una fiesta de barrio en Baltimore, Maryland.<\/p>\n\n\n\n<p class=\"wp-block-paragraph\">Las v\u00edctimas fatales resultaron j\u00f3venes del sexo femenino y masculino, con edades de 20 y 18 a\u00f1os, respectivamente, seg\u00fan un comunicado de la Polic\u00eda de Baltimore.<\/p>\n\n\n\n<figure class=\"wp-block-image size-full\"><img loading=\"lazy\" decoding=\"async\" width=\"792\" height=\"446\" src=\"https:\/\/primermomento.com\/wp-content\/uploads\/2023\/07\/dos-muertos-y-28-heridos-en-Baltimore-1.jpg\" alt=\"\" class=\"wp-image-391038\" srcset=\"https:\/\/primermomento.com\/wp-content\/uploads\/2023\/07\/dos-muertos-y-28-heridos-en-Baltimore-1.jpg 792w, https:\/\/primermomento.com\/wp-content\/uploads\/2023\/07\/dos-muertos-y-28-heridos-en-Baltimore-1-300x169.jpg 300w, https:\/\/primermomento.com\/wp-content\/uploads\/2023\/07\/dos-muertos-y-28-heridos-en-Baltimore-1-768x432.jpg 768w, https:\/\/primermomento.com\/wp-content\/uploads\/2023\/07\/dos-muertos-y-28-heridos-en-Baltimore-1-696x392.jpg 696w\" sizes=\"auto, (max-width: 792px) 100vw, 792px\" \/><\/figure>\n\n\n\n<p class=\"wp-block-paragraph\">El alcalde local, el dem\u00f3crata Brandon Scott, dijo al lamentar lo ocurrido en la madrugada de este domingo que se trat\u00f3 de \u201cacto temerario y cobarde\u201d.<\/p>\n\n\n\n<p class=\"wp-block-paragraph\">Richard Worley, comisionado interino de la Polic\u00eda de Baltimore, se\u00f1al\u00f3 que las investigaciones contin\u00faan, no hay sospechosos y que se desconocen los motivos del crimen.<\/p>\n\n\n\n<p class=\"wp-block-paragraph\">Una celebraci\u00f3n m\u00e1s convertida en mortal a manos de un atacante, rese\u00f1\u00f3 la cadena CNN.<\/p>\n\n\n\n<p class=\"wp-block-paragraph\">Se trata del tiroteo 338 desde el inicio de 2023 y el tercero registrado en los primeros dos d\u00edas de julio, seg\u00fan el Archivo de la Violencia Armada.<\/p>\n\n\n\n<p class=\"wp-block-paragraph\">Los incidentes anteriores se reportaron este propio domingo en Wichita, Kansas, con saldo de siete heridos, y en Tulsa, Oklahoma, la v\u00edspera, con cuatro.<\/p>\n\n\n\n<p class=\"wp-block-paragraph\">Una encuesta de Kaiser Family Foundation (KFF) publicada el pasado mes de abril revel\u00f3 que la preocupaci\u00f3n y el miedo por la violencia armada son generalizados en Estados Unidos.<\/p>\n\n\n\n<p class=\"wp-block-paragraph\">A tono con el sondeo, la mayor\u00eda de las familias fueron afectadas por un suceso relacionado con esos artefactos.<\/p>\n\n\n\n<p class=\"wp-block-paragraph\">En tanto, las estad\u00edsticas afirman que uno de cada cinco adultos ha tenido un allegado muerto por un arma, incluso en homicidio y suicidio, como parte de la epidemia de violencia armada en el pa\u00eds.<\/p>\n\n\n\n<p class=\"wp-block-paragraph\">Estados Unidos es la \u00fanica naci\u00f3n del mundo donde existen m\u00e1s armas de fuego en poder de civiles que habitantes; los homicidios con armas de fuego son 25,2 veces m\u00e1s altos que en el resto de los pa\u00edses desarrollados y hay m\u00e1s tiroteos masivos que en cualquier otro punto del planeta.<\/p>\n","protected":false},"excerpt":{"rendered":"<p>Prensa Latina BALTIMORE, EEUU.- A 340 tiroteos masivos se acerca Estados Unidos en lo que va de a\u00f1o con la confirmaci\u00f3n hoy de dos muertos y 28 heridos por una balacera durante una fiesta de barrio en Baltimore, Maryland. Las v\u00edctimas fatales resultaron j\u00f3venes del sexo femenino y masculino, con edades de 20 y 18 [&hellip;]<\/p>\n","protected":false},"author":1,"featured_media":391037,"comment_status":"open","ping_status":"open","sticky":false,"template":"","format":"video","meta":{"_bbp_topic_count":0,"_bbp_reply_count":0,"_bbp_total_topic_count":0,"_bbp_total_reply_count":0,"_bbp_voice_count":0,"_bbp_anonymous_reply_count":0,"_bbp_topic_count_hidden":0,"_bbp_reply_count_hidden":0,"_bbp_forum_subforum_count":0,"footnotes":""},"categories":[30,106],"tags":[],"class_list":["post-391036","post","type-post","status-publish","format-video","has-post-thumbnail","category-actualidad","category-video-news","post_format-post-format-video"],"_links":{"self":[{"href":"https:\/\/primermomento.com\/index.php?rest_route=\/wp\/v2\/posts\/391036","targetHints":{"allow":["GET"]}}],"collection":[{"href":"https:\/\/primermomento.com\/index.php?rest_route=\/wp\/v2\/posts"}],"about":[{"href":"https:\/\/primermomento.com\/index.php?rest_route=\/wp\/v2\/types\/post"}],"author":[{"embeddable":true,"href":"https:\/\/primermomento.com\/index.php?rest_route=\/wp\/v2\/users\/1"}],"replies":[{"embeddable":true,"href":"https:\/\/primermomento.com\/index.php?rest_route=%2Fwp%2Fv2%2Fcomments&post=391036"}],"version-history":[{"count":1,"href":"https:\/\/primermomento.com\/index.php?rest_route=\/wp\/v2\/posts\/391036\/revisions"}],"predecessor-version":[{"id":391039,"href":"https:\/\/primermomento.com\/index.php?rest_route=\/wp\/v2\/posts\/391036\/revisions\/391039"}],"wp:featuredmedia":[{"embeddable":true,"href":"https:\/\/primermomento.com\/index.php?rest_route=\/wp\/v2\/media\/391037"}],"wp:attachment":[{"href":"https:\/\/primermomento.com\/index.php?rest_route=%2Fwp%2Fv2%2Fmedia&parent=391036"}],"wp:term":[{"taxonomy":"category","embeddable":true,"href":"https:\/\/primermomento.com\/index.php?rest_route=%2Fwp%2Fv2%2Fcategories&post=391036"},{"taxonomy":"post_tag","embeddable":true,"href":"https:\/\/primermomento.com\/index.php?rest_route=%2Fwp%2Fv2%2Ftags&post=391036"}],"curies":[{"name":"wp","href":"https:\/\/api.w.org\/{rel}","templated":true}]}}