{"id":391040,"date":"2023-07-03T09:45:42","date_gmt":"2023-07-03T13:45:42","guid":{"rendered":"https:\/\/primermomento.com\/?p=391040"},"modified":"2023-07-03T09:56:00","modified_gmt":"2023-07-03T13:56:00","slug":"bani-senador-no-aceptaria-negociacion-interna-en-el-prm-dice-tiene-numeros-a-su-favor","status":"publish","type":"post","link":"https:\/\/primermomento.com\/?p=391040","title":{"rendered":"BAN\u00cd | Senador no aceptar\u00eda negociaci\u00f3n interna en el PRM; dice tiene n\u00fameros a su favor"},"content":{"rendered":"\n<p class=\"wp-block-paragraph\">SANTO DOMINGO, Rep\u00fablica Dominicana.- El senador por la provincia Peravia y precandidato a la misma posici\u00f3n, Milc\u00edades Franjul, afirm\u00f3 que no aceptar\u00eda ning\u00fan tipo de negociaci\u00f3n a lo interno del PRM, por lo que todo el que se inscriba tiene que estar sujeto al resultado de las encuestas que se realizar\u00e1n, al tiempo de asegurar que tiene mediciones s\u00f3lidas que lo sit\u00faan con amplias ventajas en la intenci\u00f3n del electorado en su demarcaci\u00f3n.<\/p>\n\n\n\n<p class=\"wp-block-paragraph\">El actual senador manifest\u00f3 su confianza en el Partido Revolucionario Moderno, as\u00ed como en la Comisi\u00f3n Nacional de Elecciones Internas, respecto a la supervisi\u00f3n de las encuestas que se har\u00e1n para la elecci\u00f3n del candidato por la provincia Peravia.<\/p>\n\n\n<div class=\"wp-block-image\">\n<figure class=\"aligncenter size-full\"><img loading=\"lazy\" decoding=\"async\" width=\"649\" height=\"477\" src=\"https:\/\/primermomento.com\/wp-content\/uploads\/2021\/05\/Milciades-Franjul.jpg\" alt=\"\" class=\"wp-image-344432\" srcset=\"https:\/\/primermomento.com\/wp-content\/uploads\/2021\/05\/Milciades-Franjul.jpg 649w, https:\/\/primermomento.com\/wp-content\/uploads\/2021\/05\/Milciades-Franjul-300x220.jpg 300w, https:\/\/primermomento.com\/wp-content\/uploads\/2021\/05\/Milciades-Franjul-500x367.jpg 500w, https:\/\/primermomento.com\/wp-content\/uploads\/2021\/05\/Milciades-Franjul-280x206.jpg 280w, https:\/\/primermomento.com\/wp-content\/uploads\/2021\/05\/Milciades-Franjul-638x469.jpg 638w, https:\/\/primermomento.com\/wp-content\/uploads\/2021\/05\/Milciades-Franjul-118x87.jpg 118w, https:\/\/primermomento.com\/wp-content\/uploads\/2021\/05\/Milciades-Franjul-479x352.jpg 479w\" sizes=\"auto, (max-width: 649px) 100vw, 649px\" \/><\/figure>\n<\/div>\n\n\n<p class=\"has-text-align-center wp-block-paragraph\"><em>Senador Milc\u00edades Franjul, de la provincia Peravia<\/em><\/p>\n\n\n\n<p class=\"wp-block-paragraph\">Al mismo tiempo, hizo un llamado a la Junta Central Electoral, como \u00e1rbitro del proceso, a mantenerse pendiente del resultado, haciendo \u00e9nfasis en la necesidad de que, en su momento, se publiquen los resultados de manera detallada para este nivel de selecci\u00f3n del nominado, en el cual reiter\u00f3 que ganar\u00e1 abrumadoramente la candidatura a senador.<\/p>\n\n\n\n<p class=\"wp-block-paragraph\">Franjul se\u00f1al\u00f3 que ha desarrollado un trabajo como legislador, sin precedentes, marcando un antes y un despu\u00e9s para un congresista, cumpliendo con su rol constitucional, pol\u00edtico, y social, que ha devenido en la soluci\u00f3n de grandes problemas para su provincia.<\/p>\n\n\n\n<p class=\"wp-block-paragraph\">El senador recalc\u00f3 que ha cumplido con proyectos de construcci\u00f3n que eran demandados por a\u00f1os, y gracias a sus reclamos, dijo, hoy d\u00eda est\u00e1n en ejecuci\u00f3n, lo que se traduce en una alta valoraci\u00f3n por parte de la ciudadan\u00eda.<\/p>\n\n\n\n<p class=\"wp-block-paragraph\">Reiter\u00f3 que tiene en sus manos mediciones peri\u00f3dicas, que le aseguran su triunfo, asegurando que, al d\u00eda de hoy, esos n\u00fameros est\u00e1n mucho m\u00e1s altos, debido al intenso trabajo que ha hecho en beneficio de la provincia Peravia.<\/p>\n","protected":false},"excerpt":{"rendered":"<p>SANTO DOMINGO, Rep\u00fablica Dominicana.- El senador por la provincia Peravia y precandidato a la misma posici\u00f3n, Milc\u00edades Franjul, afirm\u00f3 que no aceptar\u00eda ning\u00fan tipo de negociaci\u00f3n a lo interno del PRM, por lo que todo el que se inscriba tiene que estar sujeto al resultado de las encuestas que se realizar\u00e1n, al tiempo de asegurar [&hellip;]<\/p>\n","protected":false},"author":1,"featured_media":344432,"comment_status":"open","ping_status":"open","sticky":false,"template":"","format":"video","meta":{"_bbp_topic_count":0,"_bbp_reply_count":0,"_bbp_total_topic_count":0,"_bbp_total_reply_count":0,"_bbp_voice_count":0,"_bbp_anonymous_reply_count":0,"_bbp_topic_count_hidden":0,"_bbp_reply_count_hidden":0,"_bbp_forum_subforum_count":0,"footnotes":""},"categories":[30,106],"tags":[],"class_list":["post-391040","post","type-post","status-publish","format-video","has-post-thumbnail","category-actualidad","category-video-news","post_format-post-format-video"],"_links":{"self":[{"href":"https:\/\/primermomento.com\/index.php?rest_route=\/wp\/v2\/posts\/391040","targetHints":{"allow":["GET"]}}],"collection":[{"href":"https:\/\/primermomento.com\/index.php?rest_route=\/wp\/v2\/posts"}],"about":[{"href":"https:\/\/primermomento.com\/index.php?rest_route=\/wp\/v2\/types\/post"}],"author":[{"embeddable":true,"href":"https:\/\/primermomento.com\/index.php?rest_route=\/wp\/v2\/users\/1"}],"replies":[{"embeddable":true,"href":"https:\/\/primermomento.com\/index.php?rest_route=%2Fwp%2Fv2%2Fcomments&post=391040"}],"version-history":[{"count":3,"href":"https:\/\/primermomento.com\/index.php?rest_route=\/wp\/v2\/posts\/391040\/revisions"}],"predecessor-version":[{"id":391047,"href":"https:\/\/primermomento.com\/index.php?rest_route=\/wp\/v2\/posts\/391040\/revisions\/391047"}],"wp:featuredmedia":[{"embeddable":true,"href":"https:\/\/primermomento.com\/index.php?rest_route=\/wp\/v2\/media\/344432"}],"wp:attachment":[{"href":"https:\/\/primermomento.com\/index.php?rest_route=%2Fwp%2Fv2%2Fmedia&parent=391040"}],"wp:term":[{"taxonomy":"category","embeddable":true,"href":"https:\/\/primermomento.com\/index.php?rest_route=%2Fwp%2Fv2%2Fcategories&post=391040"},{"taxonomy":"post_tag","embeddable":true,"href":"https:\/\/primermomento.com\/index.php?rest_route=%2Fwp%2Fv2%2Ftags&post=391040"}],"curies":[{"name":"wp","href":"https:\/\/api.w.org\/{rel}","templated":true}]}}