{"id":391234,"date":"2023-07-06T15:23:49","date_gmt":"2023-07-06T19:23:49","guid":{"rendered":"https:\/\/primermomento.com\/?p=391234"},"modified":"2023-07-07T08:19:14","modified_gmt":"2023-07-07T12:19:14","slug":"bani-alcalde-da-primer-picazo-de-la-construccion-de-un-relleno-sanitario-provincial","status":"publish","type":"post","link":"https:\/\/primermomento.com\/?p=391234","title":{"rendered":"BAN\u00cd | Alcalde da primer picazo de la construcci\u00f3n de un relleno sanitario provincial"},"content":{"rendered":"\n<p class=\"wp-block-paragraph\">BAN\u00cd, Rep\u00fablica Dominicana.- El alcalde Santo Ram\u00edrez dio este jueves el primer picazo para dejar iniciada la primera etapa del relleno sanitario provincial, con el que busca disminuir los efectos contaminantes de la deposici\u00f3n final de los desechos s\u00f3lidos de Ban\u00ed y otros municipios y distritos municipales de la provincia Peravia.<\/p>\n\n\n\n<p class=\"wp-block-paragraph\">El ejecutivo municipal asegur\u00f3 que la obra que tendr\u00e1 una inversi\u00f3n de 32 millones de pesos, resolver\u00e1 un problema puntual de contaminaci\u00f3n ambiental y dar\u00e1 paso al reciclaje, con la adecuada clasificaci\u00f3n y reutilizaci\u00f3n de los residuos s\u00f3lidos.<\/p>\n\n\n\n<figure class=\"wp-block-image size-full\"><img loading=\"lazy\" decoding=\"async\" width=\"826\" height=\"780\" src=\"https:\/\/primermomento.com\/wp-content\/uploads\/2023\/07\/Picazo-Relleno-Sanitario-2-1.webp\" alt=\"\" class=\"wp-image-391244\" srcset=\"https:\/\/primermomento.com\/wp-content\/uploads\/2023\/07\/Picazo-Relleno-Sanitario-2-1.webp 826w, https:\/\/primermomento.com\/wp-content\/uploads\/2023\/07\/Picazo-Relleno-Sanitario-2-1-300x283.webp 300w, https:\/\/primermomento.com\/wp-content\/uploads\/2023\/07\/Picazo-Relleno-Sanitario-2-1-768x725.webp 768w, https:\/\/primermomento.com\/wp-content\/uploads\/2023\/07\/Picazo-Relleno-Sanitario-2-1-696x657.webp 696w\" sizes=\"auto, (max-width: 826px) 100vw, 826px\" \/><\/figure>\n\n\n\n<p class=\"wp-block-paragraph\">\u201cCon este relleno los 10 distritos y los municipios que son tres que tienen su botadero podr\u00e1n verter sus desechos aqu\u00ed y as\u00ed eliminar 13 vertederos a cielo abierto\u201d, puntualiz\u00f3 el alcalde.<\/p>\n\n\n\n<p class=\"wp-block-paragraph\">Destac\u00f3 que ser\u00e1n capacitados el personal del \u00e1rea y las comunidades para la clasificaci\u00f3n y reciclaje de los residuos s\u00f3lidos.<\/p>\n\n\n\n<p class=\"wp-block-paragraph\">Shirley Burgos, encargada de Servicios Municipales del Ayuntamiento de Ban\u00ed, destac\u00f3 los beneficios del proyecto que ser\u00e1 desarrollado por la empresa Platinium Way, a trav\u00e9s de la Direcci\u00f3n de Articulaci\u00f3n Intersectorial de Fideicomiso DO Sostenible, el cual evitar\u00e1 la emisi\u00f3n de gases contaminantes, adem\u00e1s, de contribuir a disminuci\u00f3n del efecto invernadero y el calentamiento global.<\/p>\n\n\n\n<p class=\"wp-block-paragraph\">David Aracena, director de Articulaci\u00f3n Intersectorial de Fideicomiso DO Sostenible, felicit\u00f3 al alcalde por la receptividad que tuvo con el proyecto, ya que Ban\u00ed es uno de los primeros municipios que pone en marcha este plan que aportar\u00e1 saneamiento a la poblaci\u00f3n.<\/p>\n\n\n\n<p class=\"wp-block-paragraph\">La terminaci\u00f3n de la primera etapa del relleno sanitario provincial est\u00e1 prevista para finales de este a\u00f1o, de acuerdo con la planificaci\u00f3n de la empresa contratista.<\/p>\n\n\n\n<p class=\"wp-block-paragraph\">Estuvieron presentes, adem\u00e1s, el ingeniero a cargo del proyecto, Harry S\u00e1nchez, la regidora y presidenta del Concejo de Regidores, Carolina D\u00edaz, el director de Gesti\u00f3n Ambiental, Julio C\u00e9sar Bobadilla, Bienvenido Mej\u00eda, y otros colaboradores del cabildo.<\/p>\n","protected":false},"excerpt":{"rendered":"<p>BAN\u00cd, Rep\u00fablica Dominicana.- El alcalde Santo Ram\u00edrez dio este jueves el primer picazo para dejar iniciada la primera etapa del relleno sanitario provincial, con el que busca disminuir los efectos contaminantes de la deposici\u00f3n final de los desechos s\u00f3lidos de Ban\u00ed y otros municipios y distritos municipales de la provincia Peravia. El ejecutivo municipal asegur\u00f3 [&hellip;]<\/p>\n","protected":false},"author":1,"featured_media":391235,"comment_status":"open","ping_status":"open","sticky":false,"template":"","format":"video","meta":{"_bbp_topic_count":0,"_bbp_reply_count":0,"_bbp_total_topic_count":0,"_bbp_total_reply_count":0,"_bbp_voice_count":0,"_bbp_anonymous_reply_count":0,"_bbp_topic_count_hidden":0,"_bbp_reply_count_hidden":0,"_bbp_forum_subforum_count":0,"footnotes":""},"categories":[30,106],"tags":[],"class_list":["post-391234","post","type-post","status-publish","format-video","has-post-thumbnail","category-actualidad","category-video-news","post_format-post-format-video"],"_links":{"self":[{"href":"https:\/\/primermomento.com\/index.php?rest_route=\/wp\/v2\/posts\/391234","targetHints":{"allow":["GET"]}}],"collection":[{"href":"https:\/\/primermomento.com\/index.php?rest_route=\/wp\/v2\/posts"}],"about":[{"href":"https:\/\/primermomento.com\/index.php?rest_route=\/wp\/v2\/types\/post"}],"author":[{"embeddable":true,"href":"https:\/\/primermomento.com\/index.php?rest_route=\/wp\/v2\/users\/1"}],"replies":[{"embeddable":true,"href":"https:\/\/primermomento.com\/index.php?rest_route=%2Fwp%2Fv2%2Fcomments&post=391234"}],"version-history":[{"count":4,"href":"https:\/\/primermomento.com\/index.php?rest_route=\/wp\/v2\/posts\/391234\/revisions"}],"predecessor-version":[{"id":391265,"href":"https:\/\/primermomento.com\/index.php?rest_route=\/wp\/v2\/posts\/391234\/revisions\/391265"}],"wp:featuredmedia":[{"embeddable":true,"href":"https:\/\/primermomento.com\/index.php?rest_route=\/wp\/v2\/media\/391235"}],"wp:attachment":[{"href":"https:\/\/primermomento.com\/index.php?rest_route=%2Fwp%2Fv2%2Fmedia&parent=391234"}],"wp:term":[{"taxonomy":"category","embeddable":true,"href":"https:\/\/primermomento.com\/index.php?rest_route=%2Fwp%2Fv2%2Fcategories&post=391234"},{"taxonomy":"post_tag","embeddable":true,"href":"https:\/\/primermomento.com\/index.php?rest_route=%2Fwp%2Fv2%2Ftags&post=391234"}],"curies":[{"name":"wp","href":"https:\/\/api.w.org\/{rel}","templated":true}]}}