{"id":391313,"date":"2023-07-08T08:44:00","date_gmt":"2023-07-08T12:44:00","guid":{"rendered":"https:\/\/primermomento.com\/?p=391313"},"modified":"2023-07-08T19:49:10","modified_gmt":"2023-07-08T23:49:10","slug":"condenan-a-90-cadenas-perpetuas-al-autor-de-masacre-en-texas-eeuu","status":"publish","type":"post","link":"https:\/\/primermomento.com\/?p=391313","title":{"rendered":"Condenan a 90 cadenas perpetuas al autor de masacre en Texas, EEUU"},"content":{"rendered":"\n<p class=\"wp-block-paragraph\"><em>Prensa Latina<\/em><\/p>\n\n\n\n<p class=\"wp-block-paragraph\">TEXAS, EEUU.- El autodenominado nacionalista blanco que mat\u00f3 a 23 personas en un centro comercial del estado norteamericano de Texas, durante un ataque contra latinos en 2019, fue condenado hoy a 90 cadenas perpetuas por un juez federal.<\/p>\n\n\n\n<p class=\"wp-block-paragraph\">Patrick Crusius, actualmente de 24 a\u00f1os, tambi\u00e9n hiri\u00f3 a otras 22 personas durante el letal tiroteo, ocurrido el 3 de agosto casi cuatro a\u00f1os atr\u00e1s en un mercado de la cadena Walmart, en la ciudad de El Paso.<\/p>\n\n\n\n<figure class=\"wp-block-image size-full\"><img loading=\"lazy\" decoding=\"async\" width=\"1024\" height=\"768\" src=\"https:\/\/primermomento.com\/wp-content\/uploads\/2023\/07\/eeuu-condena-asesino-masacre-el-paso-1.jpg\" alt=\"\" class=\"wp-image-391316\" srcset=\"https:\/\/primermomento.com\/wp-content\/uploads\/2023\/07\/eeuu-condena-asesino-masacre-el-paso-1.jpg 1024w, https:\/\/primermomento.com\/wp-content\/uploads\/2023\/07\/eeuu-condena-asesino-masacre-el-paso-1-300x225.jpg 300w, https:\/\/primermomento.com\/wp-content\/uploads\/2023\/07\/eeuu-condena-asesino-masacre-el-paso-1-768x576.jpg 768w, https:\/\/primermomento.com\/wp-content\/uploads\/2023\/07\/eeuu-condena-asesino-masacre-el-paso-1-696x522.jpg 696w\" sizes=\"auto, (max-width: 1024px) 100vw, 1024px\" \/><\/figure>\n\n\n\n<p class=\"wp-block-paragraph\">\u201cMonstruo\u201d, le gritaron algunos familiares de las v\u00edctimas y sobrevivientes de la tragedia que acudieron a las audiencias de sentencia.<\/p>\n\n\n\n<p class=\"wp-block-paragraph\">Crusius se declar\u00f3 en febrero culpable de 23 cargos de cometer un crimen de odio con resultado de muerte e igual n\u00famero de imputaciones por el uso de arma de fuego para perpetrar un asesinato durante o en relaci\u00f3n con un crimen de violencia.<\/p>\n\n\n\n<p class=\"wp-block-paragraph\">Adem\u00e1s, admiti\u00f3 22 cargos relacionados con la comisi\u00f3n de un crimen de odio que involucr\u00f3 un intento de matar y la misma cantidad de acusaciones por utilizar un arma de fuego durante y en represalia por un crimen de violencia.<\/p>\n\n\n\n<p class=\"wp-block-paragraph\">Sin vida suficiente para cumplir semejante condena, el convicto todav\u00eda enfrenta cargos de asesinato capital en una corte estatal y podr\u00eda recibir la pena de muerte si resultara culpable.<\/p>\n\n\n\n<p class=\"wp-block-paragraph\">De acuerdo con los informes presentados contra Crusius, el 3 de agosto de 2019, se traslad\u00f3 hasta el Walmart desde la zona de Dallas portando un rifle AK-47 y mil cartuchos.<\/p>\n\n\n\n<p class=\"wp-block-paragraph\">Una vez en la tienda abri\u00f3 fuego desde afuera y de inmediato ingres\u00f3 al establecimiento para herir y ejecutar a quienes se cruzaran por delante.<\/p>\n\n\n\n<p class=\"wp-block-paragraph\">\u201cYo vine aqu\u00ed a matar mexicanos\u201d, expres\u00f3 al ser detenido tras la masacre y cuando se entreg\u00f3 a la polic\u00eda vocifer\u00f3 \u201cYo soy el tirador\u201d.<\/p>\n\n\n\n<p class=\"wp-block-paragraph\">El tiroteo masivo de El Paso califica como el peor ocurrido en Estados Unidos en el \u00faltimo quinquenio.<\/p>\n","protected":false},"excerpt":{"rendered":"<p>Prensa Latina TEXAS, EEUU.- El autodenominado nacionalista blanco que mat\u00f3 a 23 personas en un centro comercial del estado norteamericano de Texas, durante un ataque contra latinos en 2019, fue condenado hoy a 90 cadenas perpetuas por un juez federal. Patrick Crusius, actualmente de 24 a\u00f1os, tambi\u00e9n hiri\u00f3 a otras 22 personas durante el letal [&hellip;]<\/p>\n","protected":false},"author":1,"featured_media":391314,"comment_status":"open","ping_status":"open","sticky":false,"template":"","format":"video","meta":{"_bbp_topic_count":0,"_bbp_reply_count":0,"_bbp_total_topic_count":0,"_bbp_total_reply_count":0,"_bbp_voice_count":0,"_bbp_anonymous_reply_count":0,"_bbp_topic_count_hidden":0,"_bbp_reply_count_hidden":0,"_bbp_forum_subforum_count":0,"footnotes":""},"categories":[61,106],"tags":[],"class_list":["post-391313","post","type-post","status-publish","format-video","has-post-thumbnail","category-mundo","category-video-news","post_format-post-format-video"],"_links":{"self":[{"href":"https:\/\/primermomento.com\/index.php?rest_route=\/wp\/v2\/posts\/391313","targetHints":{"allow":["GET"]}}],"collection":[{"href":"https:\/\/primermomento.com\/index.php?rest_route=\/wp\/v2\/posts"}],"about":[{"href":"https:\/\/primermomento.com\/index.php?rest_route=\/wp\/v2\/types\/post"}],"author":[{"embeddable":true,"href":"https:\/\/primermomento.com\/index.php?rest_route=\/wp\/v2\/users\/1"}],"replies":[{"embeddable":true,"href":"https:\/\/primermomento.com\/index.php?rest_route=%2Fwp%2Fv2%2Fcomments&post=391313"}],"version-history":[{"count":2,"href":"https:\/\/primermomento.com\/index.php?rest_route=\/wp\/v2\/posts\/391313\/revisions"}],"predecessor-version":[{"id":391317,"href":"https:\/\/primermomento.com\/index.php?rest_route=\/wp\/v2\/posts\/391313\/revisions\/391317"}],"wp:featuredmedia":[{"embeddable":true,"href":"https:\/\/primermomento.com\/index.php?rest_route=\/wp\/v2\/media\/391314"}],"wp:attachment":[{"href":"https:\/\/primermomento.com\/index.php?rest_route=%2Fwp%2Fv2%2Fmedia&parent=391313"}],"wp:term":[{"taxonomy":"category","embeddable":true,"href":"https:\/\/primermomento.com\/index.php?rest_route=%2Fwp%2Fv2%2Fcategories&post=391313"},{"taxonomy":"post_tag","embeddable":true,"href":"https:\/\/primermomento.com\/index.php?rest_route=%2Fwp%2Fv2%2Ftags&post=391313"}],"curies":[{"name":"wp","href":"https:\/\/api.w.org\/{rel}","templated":true}]}}