{"id":391442,"date":"2023-07-10T09:51:00","date_gmt":"2023-07-10T13:51:00","guid":{"rendered":"https:\/\/primermomento.com\/?p=391442"},"modified":"2023-07-10T17:55:27","modified_gmt":"2023-07-10T21:55:27","slug":"ricky-martin-anuncia-concierto-sinfonico-en-albania","status":"publish","type":"post","link":"https:\/\/primermomento.com\/?p=391442","title":{"rendered":"Ricky Martin anuncia concierto sinf\u00f3nico en Albania"},"content":{"rendered":"\n<p class=\"wp-block-paragraph\"><em>Prensa Latina<\/em><\/p>\n\n\n\n<p class=\"wp-block-paragraph\">WASHINGTON, EEUU.- El afamado cantante puertorrique\u00f1o Ricky Martin comparti\u00f3 hoy en las redes sociales la noticia de que pr\u00f3ximamente har\u00e1 un concierto sinf\u00f3nico en Albania.<\/p>\n\n\n\n<p class=\"wp-block-paragraph\">En sus perfiles en redes sociales el int\u00e9rprete boricua expres\u00f3 que est\u00e1 muy feliz de anunciar su ya cercana presentaci\u00f3n en Tirana, capital albanesa, el 20 de julio, acompa\u00f1ado de la Orquesta Nacional.<\/p>\n\n\n\n<p class=\"wp-block-paragraph\">Espero que todos puedan acompa\u00f1arme en mi primer concierto en Albania, escribi\u00f3 el artista due\u00f1o de \u00e9xitos como Livin\u2019 la vida loca, La copa de la vida y la Mordidita, entre otros muchos.<\/p>\n\n\n\n<p class=\"wp-block-paragraph\">De acuerdo con el cartel promocional compartido por el cantante, este espect\u00e1culo sinf\u00f3nico se realizar\u00e1 en la plaza Skanderberg, catalogada como el epicentro de la capital, rodeada de algunos de los edificios m\u00e1s importantes del pa\u00eds balc\u00e1nico.<\/p>\n","protected":false},"excerpt":{"rendered":"<p>Prensa Latina WASHINGTON, EEUU.- El afamado cantante puertorrique\u00f1o Ricky Martin comparti\u00f3 hoy en las redes sociales la noticia de que pr\u00f3ximamente har\u00e1 un concierto sinf\u00f3nico en Albania. En sus perfiles en redes sociales el int\u00e9rprete boricua expres\u00f3 que est\u00e1 muy feliz de anunciar su ya cercana presentaci\u00f3n en Tirana, capital albanesa, el 20 de julio, [&hellip;]<\/p>\n","protected":false},"author":1,"featured_media":391443,"comment_status":"open","ping_status":"open","sticky":false,"template":"","format":"standard","meta":{"_bbp_topic_count":0,"_bbp_reply_count":0,"_bbp_total_topic_count":0,"_bbp_total_reply_count":0,"_bbp_voice_count":0,"_bbp_anonymous_reply_count":0,"_bbp_topic_count_hidden":0,"_bbp_reply_count_hidden":0,"_bbp_forum_subforum_count":0,"footnotes":""},"categories":[39],"tags":[],"class_list":["post-391442","post","type-post","status-publish","format-standard","has-post-thumbnail","category-entretenimiento"],"_links":{"self":[{"href":"https:\/\/primermomento.com\/index.php?rest_route=\/wp\/v2\/posts\/391442","targetHints":{"allow":["GET"]}}],"collection":[{"href":"https:\/\/primermomento.com\/index.php?rest_route=\/wp\/v2\/posts"}],"about":[{"href":"https:\/\/primermomento.com\/index.php?rest_route=\/wp\/v2\/types\/post"}],"author":[{"embeddable":true,"href":"https:\/\/primermomento.com\/index.php?rest_route=\/wp\/v2\/users\/1"}],"replies":[{"embeddable":true,"href":"https:\/\/primermomento.com\/index.php?rest_route=%2Fwp%2Fv2%2Fcomments&post=391442"}],"version-history":[{"count":1,"href":"https:\/\/primermomento.com\/index.php?rest_route=\/wp\/v2\/posts\/391442\/revisions"}],"predecessor-version":[{"id":391444,"href":"https:\/\/primermomento.com\/index.php?rest_route=\/wp\/v2\/posts\/391442\/revisions\/391444"}],"wp:featuredmedia":[{"embeddable":true,"href":"https:\/\/primermomento.com\/index.php?rest_route=\/wp\/v2\/media\/391443"}],"wp:attachment":[{"href":"https:\/\/primermomento.com\/index.php?rest_route=%2Fwp%2Fv2%2Fmedia&parent=391442"}],"wp:term":[{"taxonomy":"category","embeddable":true,"href":"https:\/\/primermomento.com\/index.php?rest_route=%2Fwp%2Fv2%2Fcategories&post=391442"},{"taxonomy":"post_tag","embeddable":true,"href":"https:\/\/primermomento.com\/index.php?rest_route=%2Fwp%2Fv2%2Ftags&post=391442"}],"curies":[{"name":"wp","href":"https:\/\/api.w.org\/{rel}","templated":true}]}}